{"id":76651,"date":"2018-05-17T06:53:10","date_gmt":"2018-05-17T09:53:10","guid":{"rendered":"http:\/\/argentinamunicipal.com.ar\/argentina\/?p=76651"},"modified":"2018-05-17T06:53:10","modified_gmt":"2018-05-17T09:53:10","slug":"de-la-harina-a-la-chapa-los-precios-aceleran","status":"publish","type":"post","link":"http:\/\/argentinamunicipal.com.ar\/argentina\/de-la-harina-a-la-chapa-los-precios-aceleran\/","title":{"rendered":"De la harina a la chapa, los precios aceleran"},"content":{"rendered":"<p>Un amplio abanico de empresas proveedoras de supermercados envi\u00f3 en los \u00faltimos d\u00edas nuevas listas de precios con subas del 8 al 10 por ciento. Textiles, materiales de construcci\u00f3n y dem\u00e1s rubros fabriles sufren los ajustes.<\/p>\n<p>Los precios est\u00e1n acusando recibo de la escalada del d\u00f3lar. En los supermercados, un amplio abanico de empresas proveedores envi\u00f3 nuevas listas de precios con subas de entre el 8 y el 10 por ciento y la aplicaci\u00f3n en las g\u00f3ndolas est\u00e1 en proceso de negociaci\u00f3n entre gerentes de compra. Pymes metal\u00fargicas trasladaron un 10 por ciento de aumento minorista ante la suba del 16 por ciento de los insumos, en l\u00ednea con la evoluci\u00f3n del d\u00f3lar. En la construcci\u00f3n, los precios de los insumos tambi\u00e9n est\u00e1n dolarizados e incluso se detectaron casos en los que las empresas venden a plazo calculando la cotizaci\u00f3n de la divisa a 26 pesos. En medio de este panorama, el Gobierno asegur\u00f3 que la inflaci\u00f3n de mayo estar\u00e1 por debajo de la marca de abril, que fue del 2,7 por ciento seg\u00fan el Indec. Las pymes advierten sobre el impacto en el recorte de la cadena de pagos.<\/p>\n<p>Pas\u00f3 el supervencimiento de las Lebac y el d\u00f3lar termin\u00f3 ayer a 24,79 pesos, mostrando un alto nivel de volatilidad durante la jornada. Incluso si la cotizaci\u00f3n de la divisa se mantuviera, los precios en la econom\u00eda nacional se movieron por medio de los bienes finales importados, componentes provenientes del exterior, bienes exportables o componentes de bienes exportables.<\/p>\n<p>Un caso ejemplar de impacto interno de la devaluaci\u00f3n se verific\u00f3 en estos d\u00edas con la harina. El trigo cotiza en d\u00f3lares porque es un bien exportable, lo cual impacta de lleno en el precio de la bolsa de harina. La suba del d\u00f3lar junto a la escasez de trigo por retenci\u00f3n de la cosecha afect\u00f3 a los precios internos. \u201cEn abril, la bolsa de harina estaba a 400 pesos y hoy cotiza 600 pesos seg\u00fan el molino, es una suba del 50 por ciento. Esto se explica por el d\u00f3lar y porque los molinos no tienen trigo porque los del campo est\u00e1n especulando\u201d, explic\u00f3 a este diario Emilio Majori, de la Federaci\u00f3n Panaderil de la provincia de Buenos Aires. El kilo de pan subi\u00f3 en estos d\u00edas un 25 por ciento, agreg\u00f3 el dirigente.<\/p>\n<p>Desde una de las grandes cadenas de supermercados comentaron a este diario que \u201chubo una fuerte oleada de subas de productos producidos en base a la harina, como pastas, panificados y galletitas\u201d. Los incrementos en productos masivos, sin embargo, fueron generalizados. Un insumo t\u00edpico de los productos de consumo masivo son los envases pl\u00e1sticos y de aluminio, cuya cotizaci\u00f3n est\u00e1 atada al d\u00f3lar. Hay fuerte presi\u00f3n de la industria para incrementar los precios entre un 8 y un 10 por ciento. \u201cSe est\u00e1 negociando qu\u00e9 porcentaje se aplica\u201d, dicen los supermercadistas.<\/p>\n<p>Desde el sector textil explicaron que \u201cla mayor\u00eda de los hilados subieron a la par del d\u00f3lar, as\u00ed como las anilinas, que son la base para darle color y terminaci\u00f3n a la tela\u201d. \u201cEl cuero se vende a 20 d\u00f3lares, antes y despu\u00e9s de la devaluaci\u00f3n\u201d, agregaron desde la marroquiner\u00eda. \u201cCuando sube el d\u00f3lar sube el papel: las papeleras primero aumentaron un 11 por ciento y luego otro 7 por ciento hasta la semana pasada. Terminaremos el mes con un aumento del 20 por ciento\u201d, comentaron a este diario desde una gr\u00e1fica.<\/p>\n<p>\u201cLos clientes me llaman, tomo la cotizaci\u00f3n del Banco Naci\u00f3n y les facturo. Todos los productos est\u00e1n dolarizados\u201d, admiti\u00f3 uno de los principales fabricantes de insumos de la construcci\u00f3n. Describi\u00f3 que el perfil y la chapa de aluminio se vend\u00edan hasta ayer calculando un d\u00f3lar a 26 pesos, al igual que la placa de yeso y la membrana asf\u00e1ltica. En la buloner\u00eda, los importadores aumentaron los precios un 25 por ciento y la industria nacional traslad\u00f3 una suba de entre el 8 y el 10 por ciento, describi\u00f3 un empresario del sector. En el autopartismo, el panorama es muy similar, de un traslado de entre 8 y 10 por ciento.<\/p>\n<p>Estos relatos muestran que la devaluaci\u00f3n tendr\u00e1 un impacto inmediato muy fuerte sobre los precios mayoristas, que se sentir\u00e1 sobre el \u00edndice minorista de mayo y junio. El ministro de Hacienda, Nicol\u00e1s Dujovne, asegur\u00f3 que la inflaci\u00f3n en mayo quedar\u00e1 impactada por el efecto del d\u00f3lar pero que aun as\u00ed estar\u00e1 por debajo del 2,7 por ciento de abril. Las consultoras no arriesgan demasiado y ubican la suba promedio minorista entre un rango del 2 al 3 por ciento.<\/p>\n<h6>Fuente: P\u00e1gina 12<\/h6>\n","protected":false},"excerpt":{"rendered":"<p>Un amplio abanico de empresas proveedoras de supermercados envi\u00f3 en los \u00faltimos d\u00edas nuevas listas de precios con subas del 8 al 10 por ciento. Textiles, materiales de construcci\u00f3n y dem\u00e1s rubros fabriles sufren los ajustes.<\/p>\n","protected":false},"author":2,"featured_media":76652,"comment_status":"closed","ping_status":"closed","sticky":false,"template":"","format":"standard","meta":{"footnotes":""},"categories":[8],"tags":[21],"class_list":["post-76651","post","type-post","status-publish","format-standard","has-post-thumbnail","hentry","category-informe-nacional","tag-argentina"],"_links":{"self":[{"href":"http:\/\/argentinamunicipal.com.ar\/argentina\/wp-json\/wp\/v2\/posts\/76651","targetHints":{"allow":["GET"]}}],"collection":[{"href":"http:\/\/argentinamunicipal.com.ar\/argentina\/wp-json\/wp\/v2\/posts"}],"about":[{"href":"http:\/\/argentinamunicipal.com.ar\/argentina\/wp-json\/wp\/v2\/types\/post"}],"author":[{"embeddable":true,"href":"http:\/\/argentinamunicipal.com.ar\/argentina\/wp-json\/wp\/v2\/users\/2"}],"replies":[{"embeddable":true,"href":"http:\/\/argentinamunicipal.com.ar\/argentina\/wp-json\/wp\/v2\/comments?post=76651"}],"version-history":[{"count":0,"href":"http:\/\/argentinamunicipal.com.ar\/argentina\/wp-json\/wp\/v2\/posts\/76651\/revisions"}],"wp:featuredmedia":[{"embeddable":true,"href":"http:\/\/argentinamunicipal.com.ar\/argentina\/wp-json\/wp\/v2\/media\/76652"}],"wp:attachment":[{"href":"http:\/\/argentinamunicipal.com.ar\/argentina\/wp-json\/wp\/v2\/media?parent=76651"}],"wp:term":[{"taxonomy":"category","embeddable":true,"href":"http:\/\/argentinamunicipal.com.ar\/argentina\/wp-json\/wp\/v2\/categories?post=76651"},{"taxonomy":"post_tag","embeddable":true,"href":"http:\/\/argentinamunicipal.com.ar\/argentina\/wp-json\/wp\/v2\/tags?post=76651"}],"curies":[{"name":"wp","href":"https:\/\/api.w.org\/{rel}","templated":true}]}}