{"id":76654,"date":"2018-05-17T06:00:26","date_gmt":"2018-05-17T09:00:26","guid":{"rendered":"http:\/\/argentinamunicipal.com.ar\/argentina\/?p=76654"},"modified":"2018-05-17T06:55:33","modified_gmt":"2018-05-17T09:55:33","slug":"de-como-confundir-los-deseos-con-la-realidad","status":"publish","type":"post","link":"http:\/\/argentinamunicipal.com.ar\/argentina\/de-como-confundir-los-deseos-con-la-realidad\/","title":{"rendered":"De c\u00f3mo confundir los deseos con la realidad"},"content":{"rendered":"<p>El presidente del Banco Central sostuvo que \u201cel temporal ya pas\u00f3\u201d y que ahora volver\u00e1 a trabajar por la \u201cdesinflaci\u00f3n\u201d.<\/p>\n<p>\u201cNo hubo corrida.\u201d El presidente del Banco Central, Federico Stuzenegger, cerr\u00f3 ayer su conferencia de prensa con esa frase. Las declaraciones del funcionario siguen confundiendo deseos con realidad. Dijo que hubo volatilidad financiera pero que \u201cel temporal ya pas\u00f3\u201d. Tambi\u00e9n afirm\u00f3 que \u201cla inflaci\u00f3n viene en baja, y la de mayo ser\u00e1 menor a la de abril\u201d. No mostr\u00f3 preocupaci\u00f3n por el pr\u00f3ximo vencimiento de las Lebac, pese a que la autoridad monetaria deber\u00e1 renovar a mitad de junio letras por otros 630 mil millones de pesos. Plante\u00f3 que el balance contable del organismo sali\u00f3 fortalecido en las \u00faltimas semanas por la devaluaci\u00f3n. Pero no tuvo en cuenta que se perdieron casi 10.000 millones de d\u00f3lares en reservas, se ofrecieron contratos de futuro por debajo del valor actual del mercado y que el incremento de la tasa a 40 por ciento lo obliga a pagar 20.000 millones de pesos en intereses el pr\u00f3ximo mes.<\/p>\n<p>\u201cAhora el foco del Banco Central es encauzar el proceso de inflaci\u00f3n\u201d, dijo Sturzenegger. \u201cEl mensaje del mercado en las \u00faltimas semanas nos ha hecho reflexionar y cambiar algunas cosas. Despu\u00e9s de haber pasado el momento de turbulencia, reordenar el proceso de inflaci\u00f3n vuelve a ser el objetivo de esta instituci\u00f3n\u201d. La declaraci\u00f3n, que en 2016 podr\u00eda haber tenido alg\u00fan tipo de sentido tras la suba del d\u00f3lar por la unificaci\u00f3n del tipo de cambio, no tiene justificativo a mediados de 2018. La autoridad monetaria hab\u00eda dicho desde el d\u00eda uno de su mandato que la prioridad iba a ser encauzar la inflaci\u00f3n. Pero en 2016 los precios subieron 41 por ciento, en 2017 se elevaron 25 y este a\u00f1o algunas consultoras recalcularon la inflaci\u00f3n para ubicarla por arriba del 30. Los precios en los \u00faltimos dos a\u00f1os y medio ya acumularon una suba de casi 100 por ciento. \u00bfAhora s\u00ed va a bajar?<\/p>\n<p>\u201cUna pol\u00edtica monetaria restrictiva (altas tasas de inter\u00e9s) es el mecanismo que permitir\u00e1 que la econom\u00eda se pueda acomodar a la nueva realidad internacional sin verse afectado el proceso de desinflaci\u00f3n. El tipo de cambio flotante es el instrumento m\u00e1s id\u00f3neo para enfrentar vaivenes sin que la actividad econ\u00f3mica se vea afectada\u201d, plante\u00f3 el titular del Central. El funcionario volvi\u00f3 a hablar de tipo de cambio flexible, mientras la autoridad monetaria mantiene fija una oferta de 5000 millones de d\u00f3lares a 25 pesos para evitar que la divisa se dispare por encima de ese precio. La pol\u00edtica cambiaria de las \u00faltimas semanas no tuvo nada que ver con la idea original del Central, en la cual el mercado le pon\u00eda libremente un precio a la divisa. Desde el 5 de marzo la entidad ya sacrific\u00f3 cerca de 10.000 millones de d\u00f3lares para moderar la suba del tipo de cambio y evitar un desborde en materia inflacionaria. \u00bfAhora s\u00ed va a flotar?<\/p>\n<p>\u201cNuestros modelos en abril nos daban, y nos siguen dando, una baja en la tasa de inflaci\u00f3n\u201d, desaf\u00edo Sturzenegger. Aclar\u00f3 que cuando el mercado empez\u00f3 a mover el tipo de cambio de manera m\u00e1s acelerada, \u201cse volvi\u00f3 m\u00e1s evidente que los inversores no nos estaban creyendo\u201d. \u201cFue el propio mercado el que de alguna manera nos dijo esto (esta tasa) no es suficiente \u00a0y nos indujo a ajustar en las \u00faltimas semanas. Ese mensaje el mercado no lo hab\u00eda expresado con tanta claridad. Y uno tiene que tener la humildad de escuchar lo que nos est\u00e1 diciendo\u201d, insisti\u00f3. Esta fue la forma que encontr\u00f3 el titular del Central para justificar que subi\u00f3 la tasa para bajar la expectativa de inflaci\u00f3n y no para tentar a los fondos internacionales a seguir especulando en la Argentina. Ante la insistencia de la prensa, asegur\u00f3 tambi\u00e9n que este a\u00f1o se cumplir\u00e1 la meta de 15 por ciento de inflaci\u00f3n y que la entidad no la pone de ninguna manera en duda.<\/p>\n<p>\u201cCorrida no hubo. Es muy importante ser muy claros. El Banco Central es muy transparente. Hemos tenido una turbulencia, alguna volatilidad, por supuesto. Pero lo otro no\u201d, plante\u00f3 Sturzenegger. No es claro. Los fondos del exterior vendieron sus Lebac por 200 mil millones de pesos y se fueron del pa\u00eds con un d\u00f3lar en torno a los 21 pesos. Ahora algunos empezaron a volver con un d\u00f3lar cerca de 25 pesos y casi el doble de tasa de inter\u00e9s en pesos. Economistas de distintas corrientes, a contramano de lo que plantea el presidente del Central, aseguran que en las \u00faltimas semanas se registr\u00f3 una de las mayores corridas cambiarias de la historia local. Eso oblig\u00f3 a la autoridad monetaria a sacrificar reservas con picos diarios de 1472 millones de d\u00f3lares.<\/p>\n<p>El presidente del BCRA asegur\u00f3 que el Central sali\u00f3 fortalecido en materia de su balance contable en las \u00faltimas semanas. \u201cEl stock de Lebac y otros pasivos cay\u00f3 un 2,5 por ciento del Producto Bruto Interno desde febrero de este a\u00f1o como contrapartida de la venta de reservas\u201d, asegur\u00f3. Agreg\u00f3 que la banca es s\u00f3lida y no muestra ning\u00fan s\u00edntoma de crisis. \u201cLos dep\u00f3sitos a plazo, tanto en pesos como en d\u00f3lares, se mantienen estables y no mostraron impacto ante un contexto de mayor volatilidad. El sistema financiero argentino se mantiene s\u00f3lido, y los m\u00e1rgenes de liquidez y solvencia contin\u00faan elevados\u201d, cerr\u00f3.<\/p>\n<h6>Fuente: P\u00e1gina 12<\/h6>\n","protected":false},"excerpt":{"rendered":"<p>El presidente del Banco Central sostuvo que \u201cel temporal ya pas\u00f3\u201d y que ahora volver\u00e1 a trabajar por la \u201cdesinflaci\u00f3n\u201d.<\/p>\n","protected":false},"author":2,"featured_media":76655,"comment_status":"closed","ping_status":"closed","sticky":false,"template":"","format":"standard","meta":{"footnotes":""},"categories":[8],"tags":[21],"class_list":["post-76654","post","type-post","status-publish","format-standard","has-post-thumbnail","hentry","category-informe-nacional","tag-argentina"],"_links":{"self":[{"href":"http:\/\/argentinamunicipal.com.ar\/argentina\/wp-json\/wp\/v2\/posts\/76654","targetHints":{"allow":["GET"]}}],"collection":[{"href":"http:\/\/argentinamunicipal.com.ar\/argentina\/wp-json\/wp\/v2\/posts"}],"about":[{"href":"http:\/\/argentinamunicipal.com.ar\/argentina\/wp-json\/wp\/v2\/types\/post"}],"author":[{"embeddable":true,"href":"http:\/\/argentinamunicipal.com.ar\/argentina\/wp-json\/wp\/v2\/users\/2"}],"replies":[{"embeddable":true,"href":"http:\/\/argentinamunicipal.com.ar\/argentina\/wp-json\/wp\/v2\/comments?post=76654"}],"version-history":[{"count":0,"href":"http:\/\/argentinamunicipal.com.ar\/argentina\/wp-json\/wp\/v2\/posts\/76654\/revisions"}],"wp:featuredmedia":[{"embeddable":true,"href":"http:\/\/argentinamunicipal.com.ar\/argentina\/wp-json\/wp\/v2\/media\/76655"}],"wp:attachment":[{"href":"http:\/\/argentinamunicipal.com.ar\/argentina\/wp-json\/wp\/v2\/media?parent=76654"}],"wp:term":[{"taxonomy":"category","embeddable":true,"href":"http:\/\/argentinamunicipal.com.ar\/argentina\/wp-json\/wp\/v2\/categories?post=76654"},{"taxonomy":"post_tag","embeddable":true,"href":"http:\/\/argentinamunicipal.com.ar\/argentina\/wp-json\/wp\/v2\/tags?post=76654"}],"curies":[{"name":"wp","href":"https:\/\/api.w.org\/{rel}","templated":true}]}}