{"id":76663,"date":"2018-05-17T07:13:13","date_gmt":"2018-05-17T10:13:13","guid":{"rendered":"http:\/\/argentinamunicipal.com.ar\/argentina\/?p=76663"},"modified":"2018-05-17T07:13:13","modified_gmt":"2018-05-17T10:13:13","slug":"76663-2","status":"publish","type":"post","link":"http:\/\/argentinamunicipal.com.ar\/argentina\/76663-2\/","title":{"rendered":"El Municipio de Santa Fe pide fondos a Provincia para incorporar m\u00e1s iluminaci\u00f3n LED"},"content":{"rendered":"<p>En febrero, el intendente Jos\u00e9 Corral envi\u00f3 una nota al gobernador solicitando $ 87 millones de pesos para \u201ccontinuar modernizando el alumbrado p\u00fablico\u201d. Mientras se avanza con el recambio de luces con fondos nacionales, a\u00fan no hubo respuesta del gobierno provincial.<\/p>\n<p>Antes de dar de baja el convenio de alumbrado p\u00fablico con la EPE para promover un ahorro en la factura de luz, el intendente Jos\u00e9 Corral hab\u00eda solicitado al gobierno provincial una ayuda econ\u00f3mica para continuar con el recambio de iluminaci\u00f3n LED en las calles de la ciudad de Santa Fe. Por medio de una nota -fechada el 26 de febrero de 2018- pidi\u00f3 a Miguel Lifschitz un aporte no reintegrable de 87 millones de pesos. Transcurridos dos meses, la respuesta oficial a\u00fan no lleg\u00f3, a pesar de que en Rosario se est\u00e1n destinando partidas presupuestarias para obras de este tipo desde el a\u00f1o pasado.<\/p>\n<p>La administraci\u00f3n de M\u00f3nica Fein fue habilitada a recibir $ 150.068.000. Por un lado, el 22 de septiembre de 2017 el municipio rosarino y el Servicio Urbano de Mantenimiento Ambiental Rosario (Sumar) firmaron el convenio N\u00ba 2853 con la Provincia, mediante el cual se habilit\u00f3 la entrega de un aporte no reintegrable de $ 68.000.000, pagaderos en cinco cuotas, para financiar el proyecto de Puesta en Valor de Centros Comerciales a Cielo Abierto de Rosario, cuyo eje es la incorporaci\u00f3n de LED con telegesti\u00f3n para mejorar el servicio, el ahorro energ\u00e9tico y la posibilidad de puesta en marcha de un sistema de smart city.<\/p>\n<p>Adem\u00e1s, el 28 de diciembre de 2017, el gobernador firm\u00f3 el decreto N\u00ba 4182, por el cual autoriz\u00f3 a restar partidas de los ministerios de Seguridad, Econom\u00eda, de la Secretar\u00eda de Estado de H\u00e1bitat y de las Obligaciones a Cargo del Tesoro para sumarlas al Ministerio de Infraestructura y Transporte y destinarlas a cubrir la \u201cprovisi\u00f3n de materiales en el marco de la obra de modernizaci\u00f3n del alumbrado p\u00fablico en calles de la ciudad de Rosario\u201d.<\/p>\n<p>Con estos antecedentes, y \u201csabiendo del compromiso del gobierno provincial en apoyar este tipo de pol\u00edtica de Estado, claramente puesto de manifiesto en el decreto 4182\/2017, en el cual se autoriza al Ministerio de Infraestructura y Transporte, en relaci\u00f3n a otras solicitudes similares\u201d -dice la nota que envi\u00f3 Corral a Lifschitz, en clara alusi\u00f3n a los fondos otorgados a Rosario-, es que le pidi\u00f3 el otorgamiento del apoyo econ\u00f3mico.<\/p>\n<p>Sodio por LED<\/p>\n<p>La capital provincial pidi\u00f3 esos fondos para \u201ccontinuar obras de modernizaci\u00f3n del alumbrado p\u00fablico en calles y mejoras en centros comerciales\u201d, que ya inici\u00f3 con fondos nacionales al ser incluida en el Plan de Alumbrado Eficiente del Ministerio de Energ\u00eda y Miner\u00eda.<\/p>\n<p>En la ciudad, se estima que hay 36 mil luminarias destinadas al alumbrado p\u00fablico. La mejora de calidad y eficiencia energ\u00e9tica constituyen dos de los objetivos planteados en el plan de migraci\u00f3n de l\u00e1mparas de sodio de alta presi\u00f3n por tecnolog\u00eda LED.<\/p>\n<p>Con esta meta, el Municipio santafesino ya renov\u00f3 luminarias en las principales avenidas y calles, como tramos de Blas Parera, Facundo Zuvir\u00eda, General Paz, Siete Jefes, Alem, bulevar Pellegrini y G\u00e1lvez, 12 de Infanter\u00eda, Urquiza, 25 de Mayo, Rivadavia, Marcial Candioti, Salvador Caputto, Suipacha y varias calles m\u00e1s de los barrios Candioti, Constituyentes, Centro, Rep\u00fablica del Oeste, Sur, Siete Jefes y Mariano Comas.<\/p>\n<p>El sistema de iluminaci\u00f3n LED reduce el consumo energ\u00e9tico y controla el uso de energ\u00eda, permitiendo un ahorro entre el 25 y el 40 % y disminuyendo las tareas de mantenimiento.<\/p>\n<h6>Fuente: El Litoral<\/h6>\n","protected":false},"excerpt":{"rendered":"<p>En febrero, el intendente Jos\u00e9 Corral envi\u00f3 una nota al gobernador solicitando $ 87 millones de pesos para \u201ccontinuar modernizando el alumbrado p\u00fablico\u201d.<\/p>\n","protected":false},"author":2,"featured_media":76664,"comment_status":"closed","ping_status":"closed","sticky":false,"template":"","format":"standard","meta":{"footnotes":""},"categories":[2],"tags":[10],"class_list":["post-76663","post","type-post","status-publish","format-standard","has-post-thumbnail","hentry","category-informe-municipal","tag-santa-fe"],"_links":{"self":[{"href":"http:\/\/argentinamunicipal.com.ar\/argentina\/wp-json\/wp\/v2\/posts\/76663","targetHints":{"allow":["GET"]}}],"collection":[{"href":"http:\/\/argentinamunicipal.com.ar\/argentina\/wp-json\/wp\/v2\/posts"}],"about":[{"href":"http:\/\/argentinamunicipal.com.ar\/argentina\/wp-json\/wp\/v2\/types\/post"}],"author":[{"embeddable":true,"href":"http:\/\/argentinamunicipal.com.ar\/argentina\/wp-json\/wp\/v2\/users\/2"}],"replies":[{"embeddable":true,"href":"http:\/\/argentinamunicipal.com.ar\/argentina\/wp-json\/wp\/v2\/comments?post=76663"}],"version-history":[{"count":0,"href":"http:\/\/argentinamunicipal.com.ar\/argentina\/wp-json\/wp\/v2\/posts\/76663\/revisions"}],"wp:featuredmedia":[{"embeddable":true,"href":"http:\/\/argentinamunicipal.com.ar\/argentina\/wp-json\/wp\/v2\/media\/76664"}],"wp:attachment":[{"href":"http:\/\/argentinamunicipal.com.ar\/argentina\/wp-json\/wp\/v2\/media?parent=76663"}],"wp:term":[{"taxonomy":"category","embeddable":true,"href":"http:\/\/argentinamunicipal.com.ar\/argentina\/wp-json\/wp\/v2\/categories?post=76663"},{"taxonomy":"post_tag","embeddable":true,"href":"http:\/\/argentinamunicipal.com.ar\/argentina\/wp-json\/wp\/v2\/tags?post=76663"}],"curies":[{"name":"wp","href":"https:\/\/api.w.org\/{rel}","templated":true}]}}