{"id":76669,"date":"2018-05-17T06:16:29","date_gmt":"2018-05-17T09:16:29","guid":{"rendered":"http:\/\/argentinamunicipal.com.ar\/argentina\/?p=76669"},"modified":"2018-05-17T07:18:14","modified_gmt":"2018-05-17T10:18:14","slug":"gobernadores-dicen-que-apoyan-pero-exigen-que-al-ajuste-lo-haga-la-nacion","status":"publish","type":"post","link":"http:\/\/argentinamunicipal.com.ar\/argentina\/gobernadores-dicen-que-apoyan-pero-exigen-que-al-ajuste-lo-haga-la-nacion\/","title":{"rendered":"Gobernadores dicen que apoyan, pero exigen que al ajuste lo haga la Naci\u00f3n"},"content":{"rendered":"<p>Schiaretti asegur\u00f3 que las provincias no tienen d\u00e9ficit. Dijo que el Gobierno nacional es responsable de haber recurrido al FMI. Varios mandatarios del PJ compartieron ayer un acto en Tucum\u00e1n. Manzur y Urtubey tambi\u00e9n remarcaron que el Estado nacional debe achicarse.<\/p>\n<p>El gobernador Juan Schiaretti y otros colegas peronistas coincidieron ayer en afirmar que est\u00e1n dispuestos a \u201ccolaborar con la gobernabilidad\u201d del pa\u00eds, pero resaltaron que al ajuste lo tiene que hacer el Gobierno nacional.<\/p>\n<p>Unas horas antes de la conferencia del prensa del presidente Mauricio Macri, varios gobernadores peronistas asistieron ayer en Tucum\u00e1n a una cumbre de la Zona de Integraci\u00f3n Centro Oeste de Am\u00e9rica del Sur (Zicosur).<\/p>\n<p>Si bien el encuentro fue regional e institucional y participaron gobernadores de otros pa\u00edses lim\u00edtrofes, cinco mandatarios peronistas analizaron la situaci\u00f3n econ\u00f3mica y evaluaron la convocatoria a un \u201cgran acuerdo nacional\u201d que lanz\u00f3 el presidente de la Naci\u00f3n.<\/p>\n<p>Schiaretti aprovech\u00f3 su estad\u00eda en la capital tucumana para tener un contacto con los medios, luego de mucho tiempo de no responder preguntas de periodistas.<\/p>\n<p>Reiter\u00f3 que apoya la gobernabilidad y que quiere que al Gobierno nacional le \u201cvaya bien\u201d, pero se desmarc\u00f3 de su pol\u00edtica econ\u00f3mica y de la decisi\u00f3n de recurrir al Fondo Monetario Internacional (FMI).<\/p>\n<p>\u201cEl Gobierno nacional tiene la responsabilidad de conducir la econom\u00eda del pa\u00eds. Es la Naci\u00f3n la que decidi\u00f3 recurrir al FMI y es responsable de las consecuencias de ese acuerdo. Los gobernadores no somos parte del Gobierno, ni cogobernamos\u201d, aclar\u00f3 el mandatario cordob\u00e9s.<\/p>\n<p>En lo que pareci\u00f3 una respuesta a la propuesta del acuerdo que presenta el Presidente, Schiaretti remarc\u00f3 que el d\u00e9ficit fiscal hoy es mayoritariamente de la Naci\u00f3n.<\/p>\n<p>\u201cQuiero ser muy claro: las provincias tienen muy poco d\u00e9ficit fiscal. Es el Estado nacional el que tiene un seis por ciento de d\u00e9ficit. Las provincias s\u00f3lo tienen el 0,5 por ciento. Por eso, hay que reducir el d\u00e9ficit eliminando los privilegios que tienen Capital Federal y el Gran Buenos Aires\u201d, sostuvo Schiaretti.<\/p>\n<p>De todos modos, el gobernador tambi\u00e9n envi\u00f3 una se\u00f1al de acercamiento a la Casa Rosada, cuando respald\u00f3 la gobernabilidad.<\/p>\n<p>\u201cSiempre digo que hay que cuidar la gobernabilidad, porque cada vez que hay una gran crisis en el pa\u00eds, los que m\u00e1s sufren son los pobres y la clase media. Cuidar la gobernabilidad significa brindarle a quien gobierna todos los instrumentos para poder llevar adelante su gesti\u00f3n\u201d, remarc\u00f3 el mandatario, en lo que se puede entender como un gesto de respaldo a la administraci\u00f3n macrista.<\/p>\n<p>Las declaraciones de Schiaretti y del resto de los mandatarios opositores fueron antes de la conferencia de prensa del Presidente, quien reiter\u00f3 la propuesta de acuerdo con \u201ctodos los sectores\u201d.<\/p>\n<p>Desde el Centro C\u00edvico dijeron anoche que el gobernador no iba a opinar sobre los dichos de Macri.<\/p>\n<p>En sinton\u00eda<\/p>\n<p>En la capital tucumana, ayer estuvieron cinco gobernadores peronistas, entre ellos Schiaretti, el anfitri\u00f3n Juan Manzur y el salte\u00f1o Juan Manuel Urtubey, tres referentes de la liga de gobernadores del PJ, de buen di\u00e1logo con la Casa Rosada.<\/p>\n<p>Tambi\u00e9n participaron de la cumbre de la Zicosur los gobernadores Domingo Peppo (Chaco) y Sergio Casas (La Rioja).<\/p>\n<p>En las distintas actividades de la reuni\u00f3n regional, los gobernadores opositores tuvieron la oportunidad de dialogar sobre la realidad econ\u00f3mica y pol\u00edtica del pa\u00eds, teniendo en cuenta que debieron postergar el encuentro del martes pasado, en Capital Federal.<\/p>\n<p>Estas coincidencias se notaron en las declaraciones de los mandatarios.<\/p>\n<p>Manzur \u2013un exkirchnerista que tiene buena relaci\u00f3n con la Naci\u00f3n\u2013 abon\u00f3 la teor\u00eda de Schiaretti sobre qui\u00e9n tiene que ajustarse para achicar el d\u00e9ficit.<\/p>\n<p>\u201cEn el marco de un pa\u00eds federal, las provincias tenemos autonom\u00eda para fijar prioridades. Puedo decir que en Tucum\u00e1n no tenemos d\u00e9ficit fiscal; nuestra balanza comercial es positiva y ya cerramos las paritarias con los gremios estatales\u201d, dijo el tucumano.<\/p>\n<p>Por su parte, Urtubey, uno de los gobernadores peronistas con aspiraciones de ser candidato presidencial en 2019, dijo que est\u00e1 dispuesto a apoyar las decisiones que tome el Presidente, pero marc\u00f3 diferencias con las pol\u00edticas econ\u00f3micas del macrismo.<\/p>\n<p>\u201cMe preocupa que el Gobierno nacional considere que la \u00fanica medida econ\u00f3mica es la pol\u00edtica cambiaria. Hay que achicar el d\u00e9ficit fiscal, pero hacerlo en medio de un contexto de estancamiento econ\u00f3mico no es f\u00e1cil\u201d, admiti\u00f3 el mandatario salte\u00f1o.<\/p>\n<h6>Fuente: La Voz<\/h6>\n","protected":false},"excerpt":{"rendered":"<p>Schiaretti asegur\u00f3 que las provincias no tienen d\u00e9ficit. Dijo que el Gobierno nacional es responsable de haber recurrido al FMI. Varios mandatarios del PJ compartieron ayer un acto en Tucum\u00e1n.<\/p>\n","protected":false},"author":2,"featured_media":76670,"comment_status":"closed","ping_status":"closed","sticky":false,"template":"","format":"standard","meta":{"footnotes":""},"categories":[8],"tags":[21],"class_list":["post-76669","post","type-post","status-publish","format-standard","has-post-thumbnail","hentry","category-informe-nacional","tag-argentina"],"_links":{"self":[{"href":"http:\/\/argentinamunicipal.com.ar\/argentina\/wp-json\/wp\/v2\/posts\/76669","targetHints":{"allow":["GET"]}}],"collection":[{"href":"http:\/\/argentinamunicipal.com.ar\/argentina\/wp-json\/wp\/v2\/posts"}],"about":[{"href":"http:\/\/argentinamunicipal.com.ar\/argentina\/wp-json\/wp\/v2\/types\/post"}],"author":[{"embeddable":true,"href":"http:\/\/argentinamunicipal.com.ar\/argentina\/wp-json\/wp\/v2\/users\/2"}],"replies":[{"embeddable":true,"href":"http:\/\/argentinamunicipal.com.ar\/argentina\/wp-json\/wp\/v2\/comments?post=76669"}],"version-history":[{"count":0,"href":"http:\/\/argentinamunicipal.com.ar\/argentina\/wp-json\/wp\/v2\/posts\/76669\/revisions"}],"wp:featuredmedia":[{"embeddable":true,"href":"http:\/\/argentinamunicipal.com.ar\/argentina\/wp-json\/wp\/v2\/media\/76670"}],"wp:attachment":[{"href":"http:\/\/argentinamunicipal.com.ar\/argentina\/wp-json\/wp\/v2\/media?parent=76669"}],"wp:term":[{"taxonomy":"category","embeddable":true,"href":"http:\/\/argentinamunicipal.com.ar\/argentina\/wp-json\/wp\/v2\/categories?post=76669"},{"taxonomy":"post_tag","embeddable":true,"href":"http:\/\/argentinamunicipal.com.ar\/argentina\/wp-json\/wp\/v2\/tags?post=76669"}],"curies":[{"name":"wp","href":"https:\/\/api.w.org\/{rel}","templated":true}]}}