{"id":76672,"date":"2018-05-17T07:21:15","date_gmt":"2018-05-17T10:21:15","guid":{"rendered":"http:\/\/argentinamunicipal.com.ar\/argentina\/?p=76672"},"modified":"2018-05-17T07:21:15","modified_gmt":"2018-05-17T10:21:15","slug":"tras-una-decada-rosario-recupera-su-feria-del-libro","status":"publish","type":"post","link":"http:\/\/argentinamunicipal.com.ar\/argentina\/tras-una-decada-rosario-recupera-su-feria-del-libro\/","title":{"rendered":"Tras una d\u00e9cada, Rosario recupera su Feria del Libro"},"content":{"rendered":"<p>Ir\u00e1 del 24 de este mes al 4 de junio, tendr\u00e1 44 stands y 72 expositores. A diferencia de la de Buenos Aires, todo ser\u00e1 con ingreso gratuito.<\/p>\n<p>Despu\u00e9s de una d\u00e9cada de ausencia, vuelve a Rosario la Feria Internacional del Libro. Desde el 24 de mayo y durante 11 d\u00edas, 72 expositores y 44 stands, 22 de ellos de la ciudad, convivir\u00e1n con presentaciones de libros, debates, conferencias y espect\u00e1culos con el objetivo de m\u00e1xima de que cada vez m\u00e1s personas se enamoren de la palabra escrita. De m\u00ednima, que simplemente \u00abentablen relaci\u00f3n\u00bb con ella. \u00abPara mucha gente, la Feria es la \u00fanica oportunidad del a\u00f1o para entrar en contacto con el libro\u00bb, sostuvo Alejandro Vaccaro, vicepresidente, justamente, de la Fundaci\u00f3n del Libro, organizadora del evento junto a la Municipalidad. Y algo que no es menor: a diferencia de la de Buenos Aires, que siempre es paga, en Rosario toda la programaci\u00f3n tendr\u00e1 ingreso libre y gratuito.\u00bbEsta feria va a ser la primera de una segunda etapa, porque seguramente ahora va a tener una continuidad in crescendo\u00bb, asegur\u00f3 la intendenta M\u00f3nica Fein, flanqueada por Vaccaro y el secretario de Cultura, Guillermo R\u00edos, durante la presentaci\u00f3n en sociedad de la actividad que, aunque comenzar\u00e1 el 24 de mayo, tendr\u00e1 su inauguraci\u00f3n oficial el 25 y culminar\u00e1 reci\u00e9n el 4 de junio.<\/p>\n<p>Se decidi\u00f3 que su emplazamiento replique el original, lo que significa que tambi\u00e9n esta vez se har\u00e1 en el Centro Cultural Roberto Fontanarrosa.<\/p>\n<p>\u00abEs el lugar donde deb\u00eda volver, aunque nos vamos a tener que apretar un poco\u00bb, bromeo Fein, quien record\u00f3 la estrecha vinculaci\u00f3n de la ciudad con las letras, por ejemplo a trav\u00e9s de la Semana de la Lectura y del Encuentro Internacional de Poes\u00eda.<\/p>\n<p>Pese a eso, Rosario permaneci\u00f3 una d\u00e9cada sin su feria, que parad\u00f3jicamente ahora regresar\u00e1 en un marco de crisis econ\u00f3mica general y de la industria del libro en particular, sector que \u00aben los \u00faltimos dos a\u00f1os registr\u00f3 una ca\u00edda del 30 por ciento\u00bb, record\u00f3 Vaccaro.<\/p>\n<p>No, como se tem\u00eda, v\u00edctima de un avance imperioso del e-book, sino por el \u00abingreso indiscriminado de libros de afuera, incluso usados\u00bb, precis\u00f3 el directivo de la fundaci\u00f3n.<\/p>\n<p>Aun as\u00ed, el tambi\u00e9n presidente de la Sociedad Argentina de Escritores (Sade) rescat\u00f3 el hecho de que el pa\u00eds figura entre los que poseen mayor cantidad de librer\u00edas per c\u00e1pita (unas 1.200), pero a la vez se lament\u00f3 por lo que llam\u00f3 la \u00abcompetencia desleal de aparatitos que captaron a los j\u00f3venes en detrimento de la lectura\u00bb. Por eso cerr\u00f3 sus palabras con una exhortaci\u00f3n para crear nuevos lectores: \u00abMenos Face y m\u00e1s book\u00bb.<\/p>\n<p>\u00abLa feria es de la gente\u00bb, asegur\u00f3 Vaccaro. Una apuesta sostenida por la \u00abdecisi\u00f3n pol\u00edtica de hacerla con entrada libre y gratuita\u00bb, precis\u00f3 por su parte R\u00edos, quien adem\u00e1s cont\u00f3 que las escuelas tendr\u00e1n una activa participaci\u00f3n, con visitas en los dos turnos.<\/p>\n<p>El secretario de Cultura se mostr\u00f3 \u00aborgulloso\u00bb de la recuperaci\u00f3n de la feria \u00abdespu\u00e9s de diez a\u00f1os\u00bb y record\u00f3 que en su transcurso habr\u00e1 \u00abhomenajes\u00bb a escritores de trayectoria local. En la apertura oficial, el 25 de mayo, a Ang\u00e9lica Gorodischer, y el 2 de junio uno p\u00f3stumo al Negro Fontanarrosa.<\/p>\n<p>Tambi\u00e9n record\u00f3 que habr\u00e1 espacios para las \u00abnuevas formas de escribir y de leer\u00bb (booktubes, bookstagramms, redes sociales, hip hop y g\u00e9neros literarios transmedia), la escritura pol\u00edtica, la literatura infantil, las lecturas de g\u00e9nero (\u00abuna marca de \u00e9poca\u00bb ineludible) y de la diversidad sexual.<\/p>\n<p>Sobre esos y muchos otros temas se ofrecer\u00e1n charlas y debates, se presentar\u00e1n libros, se escuchar\u00e1 m\u00fasica y habr\u00e1 espect\u00e1culos e intervenciones.<\/p>\n<p>Adem\u00e1s de autores que viven en Rosario como la propia Gorodischer, Eduardo D&#8217;Anna o Carlos Del Frade, llegar\u00e1n reconocidos escritores, periodistas y guionistas de afuera.<\/p>\n<p>Entre ellos Juan Pablo Meneses, Silvia Hopenhayn, Claudia Pi\u00f1eiro, Pablo De Santis, Mariano Narodowski, Agustina Bazterrica, Juan Sasturain, Carlos Ulanovsky, Pedro Saborido, Silvia Schujer, Gabriela Cabez\u00f3n C\u00e1mara, Reynaldo Sietecase, Patricia Su\u00e1rez, Luciana Peker, Ricardo Mari\u00f1o, Alejandro Seselovsky, Juan Martini, Alejandro Apo, Pablo Vommaro y otros.<\/p>\n<p>La convocatoria promete ser, como dijo el presentador oficial, \u00abel evento cultural m\u00e1s importante del a\u00f1o\u00bb. Y como afirm\u00f3 R\u00edos, \u00abuna construcci\u00f3n colectiva\u00bb que \u00abtom\u00f3 la ciudad\u00bb. Y que har\u00e1 que, desde \u00abalg\u00fan rinc\u00f3n de la feria\u00bb, un libro salga al encuentro de cada quien.<\/p>\n<h6>Fuente: La Capital<\/h6>\n","protected":false},"excerpt":{"rendered":"<p>Ir\u00e1 del 24 de este mes al 4 de junio, tendr\u00e1 44 stands y 72 expositores. A diferencia de la de Buenos Aires, todo ser\u00e1 con ingreso gratuito.<\/p>\n","protected":false},"author":2,"featured_media":76673,"comment_status":"closed","ping_status":"closed","sticky":false,"template":"","format":"standard","meta":{"footnotes":""},"categories":[2],"tags":[10],"class_list":["post-76672","post","type-post","status-publish","format-standard","has-post-thumbnail","hentry","category-informe-municipal","tag-santa-fe"],"_links":{"self":[{"href":"http:\/\/argentinamunicipal.com.ar\/argentina\/wp-json\/wp\/v2\/posts\/76672","targetHints":{"allow":["GET"]}}],"collection":[{"href":"http:\/\/argentinamunicipal.com.ar\/argentina\/wp-json\/wp\/v2\/posts"}],"about":[{"href":"http:\/\/argentinamunicipal.com.ar\/argentina\/wp-json\/wp\/v2\/types\/post"}],"author":[{"embeddable":true,"href":"http:\/\/argentinamunicipal.com.ar\/argentina\/wp-json\/wp\/v2\/users\/2"}],"replies":[{"embeddable":true,"href":"http:\/\/argentinamunicipal.com.ar\/argentina\/wp-json\/wp\/v2\/comments?post=76672"}],"version-history":[{"count":0,"href":"http:\/\/argentinamunicipal.com.ar\/argentina\/wp-json\/wp\/v2\/posts\/76672\/revisions"}],"wp:featuredmedia":[{"embeddable":true,"href":"http:\/\/argentinamunicipal.com.ar\/argentina\/wp-json\/wp\/v2\/media\/76673"}],"wp:attachment":[{"href":"http:\/\/argentinamunicipal.com.ar\/argentina\/wp-json\/wp\/v2\/media?parent=76672"}],"wp:term":[{"taxonomy":"category","embeddable":true,"href":"http:\/\/argentinamunicipal.com.ar\/argentina\/wp-json\/wp\/v2\/categories?post=76672"},{"taxonomy":"post_tag","embeddable":true,"href":"http:\/\/argentinamunicipal.com.ar\/argentina\/wp-json\/wp\/v2\/tags?post=76672"}],"curies":[{"name":"wp","href":"https:\/\/api.w.org\/{rel}","templated":true}]}}