{"id":76696,"date":"2018-05-17T08:04:44","date_gmt":"2018-05-17T11:04:44","guid":{"rendered":"http:\/\/argentinamunicipal.com.ar\/argentina\/?p=76696"},"modified":"2018-05-17T08:04:44","modified_gmt":"2018-05-17T11:04:44","slug":"76696-2","status":"publish","type":"post","link":"http:\/\/argentinamunicipal.com.ar\/argentina\/76696-2\/","title":{"rendered":"Faltan diez mil enfermeros en la Argentina"},"content":{"rendered":"<p>Hay s\u00f3lo 3,8 profesionales cada diez mil habitantes por lo que hay una escasez preocupante y una gran necesidad de formar nuevos cuadros.<\/p>\n<p>En la Argentina s\u00f3lo hay 3,8 enfermeros por cada 10 mil habitantes, lo que significa una escasez preocupante y una necesidad de formar profesionales cualificados.<\/p>\n<p>As\u00ed lo demuestran documentos de la Federaci\u00f3n Argentina de Enfermer\u00eda (FAE) y la Asociaci\u00f3n de Enfermer\u00eda de Capital Federal (Aecaf) y la situaci\u00f3n fue destacada por la Organizaci\u00f3n Panamericana de la Salud (OPS), que indic\u00f3 el n\u00famero m\u00ednimo de enfermeros deber\u00eda superar los cuatro cada diez mil.<\/p>\n<p>Seg\u00fan datos oficiales del Sistema de Informaci\u00f3n Sanitario Argentino, en la actualidad son 179.175 las personas matriculadas en el campo de la Enfermer\u00eda.<\/p>\n<p>De ese total, 19.729 (11,01 por ciento) son licenciados, que es el grado mayor de formaci\u00f3n; los t\u00e9cnicos ascienden a 73.373 (40,95 por ciento), mientras que los auxiliares son 86.073 (48,04 por ciento). Estos \u00faltimos tienen una menor formaci\u00f3n, ya que cursan carreras de tan s\u00f3lo un a\u00f1o.<\/p>\n<p>La licenciada Etelvina Paniagua, directora de la Escuela de Enfermer\u00eda del Hospital Alem\u00e1n, de la ciudad de Buenos Aires, explic\u00f3 que \u00ablos cambios actuales son vertiginosos y es por ello que el profesional de Enfermer\u00eda debe estar preparado para trabajar en un mercado laboral amplio interdisciplinariamente, que le permita posicionarse en su rol profesional, en su ser enfermero\u00bb.<\/p>\n<p>\u00abEl cuidado de las personas es la esencia de la profesi\u00f3n, el brindar un cuidado humanizado y seguro es un abordaje basado en valores humanos y adquisici\u00f3n de conocimientos\u00bb, se\u00f1al\u00f3 Paniagua.<\/p>\n<p>El Consejo Internacional de Enfermer\u00eda (CIE) ha clasificado las funciones fundamentales de la Enfermer\u00eda en cuatro \u00e1reas: promover la salud, prevenir la enfermedad, restaurar la salud y aliviar el sufrimiento.<\/p>\n<p>Esta organizaci\u00f3n re\u00fane a personas de diferentes pa\u00edses, con un inter\u00e9s profesional y un prop\u00f3sito com\u00fan de desarrollo de la Enfermer\u00eda a nivel internacional.<\/p>\n<p>La profesional indic\u00f3 que \u00absi el cuidar al otro es la esencia de esta profesi\u00f3n, el objetivo del cuidado debe ser promover el proceso de aprendizaje que permita al paciente ser activo en la recuperaci\u00f3n o promoci\u00f3n de su propia salud, mediante cambios en sus h\u00e1bitos o transformando las condiciones ambientales que le afectan\u00bb. En ese sentido, la especialista dijo que \u00abla funci\u00f3n del enfermero implica la participaci\u00f3n activa en la promoci\u00f3n, mantenimiento y recuperaci\u00f3n de la salud mediante medidas preventivas y estrategias efectivas para evitar la aparici\u00f3n de la enfermedad, su progresi\u00f3n o prevenir secuelas asegurando la continuidad del cuidado\u00bb.<\/p>\n<p>\u00abAsimismo, el profesional en Enfermer\u00eda debe ser la conexi\u00f3n entre los dem\u00e1s profesionales de la salud, el paciente y su familia. Esta funci\u00f3n tiene por objetivo la integraci\u00f3n de los esfuerzos y la prevenci\u00f3n de la fragmentaci\u00f3n de los servicios de salud. Es el enfermero quien crea relaciones a trav\u00e9s del reconocimiento mutuo enfermero-paciente, conociendo sus percepciones y necesidades, y negociando el cuidado para alcanzar los objetivos propuestos en el plan de cuidados\u00bb, a\u00f1adi\u00f3.<\/p>\n<p>Por otra parte, Paniagua manifest\u00f3 que \u00abdentro de la compleja realidad del sistema actual del cuidado de la salud, es necesario el desarrollo de la investigaci\u00f3n de Enfermer\u00eda\u00bb.<\/p>\n<p>\u00abEn este contexto, la complejidad derivada del envejecimiento de la poblaci\u00f3n, la disminuci\u00f3n de las estancias hospitalarias con un aumento del grado de gravedad de los pacientes ingresados, el progreso de la tecnolog\u00eda y los cambios sociales en el \u00e1mbito familiar hacen necesario el an\u00e1lisis de la funci\u00f3n de la Enfermer\u00eda en la planificaci\u00f3n, realizaci\u00f3n y evaluaci\u00f3n de la investigaci\u00f3n, la divulgaci\u00f3n de resultados y la aplicaci\u00f3n en la pr\u00e1ctica\u00bb, dijo.<\/p>\n<p>Paniagua afirm\u00f3 que \u00abser enfermeros requiere crear, reconstruir, fuerza para mantenerse frente al dolor de otros, imaginaci\u00f3n cr\u00edtica para adaptarse a los servicios de salud logrando un entorno favorecedor del cuidado de las personas\u00bb.<\/p>\n<p>\u00abTambi\u00e9n requiere una preparaci\u00f3n y un talento cient\u00edfico, t\u00e9cnico y humano para ense\u00f1ar, ayudar o suplir las necesidades de cuidado de cada individuo como ser \u00fanico incorporando su entorno, la familia y la comunidad\u00bb, remarc\u00f3.<\/p>\n<p>La licenciada coment\u00f3 que, al igual que otras profesiones, \u00ablos enfermeros tenemos especialidades para continuar con nuestro desarrollo profesional\u00bb.<\/p>\n<p>\u00abLas especialidades de Enfermer\u00eda est\u00e1n establecidas y reconocidas en La ley 24004\/91 de ejercicio de la Enfermer\u00eda y el decreto 2497\/93\u00bb, dijo la dirigente.<\/p>\n<h6>Fuente: La Capital<\/h6>\n","protected":false},"excerpt":{"rendered":"<p>Hay s\u00f3lo 3,8 profesionales cada diez mil habitantes por lo que hay una escasez preocupante y una gran necesidad de formar nuevos cuadros.<\/p>\n","protected":false},"author":2,"featured_media":76697,"comment_status":"closed","ping_status":"closed","sticky":false,"template":"","format":"standard","meta":{"footnotes":""},"categories":[8],"tags":[21],"class_list":["post-76696","post","type-post","status-publish","format-standard","has-post-thumbnail","hentry","category-informe-nacional","tag-argentina"],"_links":{"self":[{"href":"http:\/\/argentinamunicipal.com.ar\/argentina\/wp-json\/wp\/v2\/posts\/76696","targetHints":{"allow":["GET"]}}],"collection":[{"href":"http:\/\/argentinamunicipal.com.ar\/argentina\/wp-json\/wp\/v2\/posts"}],"about":[{"href":"http:\/\/argentinamunicipal.com.ar\/argentina\/wp-json\/wp\/v2\/types\/post"}],"author":[{"embeddable":true,"href":"http:\/\/argentinamunicipal.com.ar\/argentina\/wp-json\/wp\/v2\/users\/2"}],"replies":[{"embeddable":true,"href":"http:\/\/argentinamunicipal.com.ar\/argentina\/wp-json\/wp\/v2\/comments?post=76696"}],"version-history":[{"count":0,"href":"http:\/\/argentinamunicipal.com.ar\/argentina\/wp-json\/wp\/v2\/posts\/76696\/revisions"}],"wp:featuredmedia":[{"embeddable":true,"href":"http:\/\/argentinamunicipal.com.ar\/argentina\/wp-json\/wp\/v2\/media\/76697"}],"wp:attachment":[{"href":"http:\/\/argentinamunicipal.com.ar\/argentina\/wp-json\/wp\/v2\/media?parent=76696"}],"wp:term":[{"taxonomy":"category","embeddable":true,"href":"http:\/\/argentinamunicipal.com.ar\/argentina\/wp-json\/wp\/v2\/categories?post=76696"},{"taxonomy":"post_tag","embeddable":true,"href":"http:\/\/argentinamunicipal.com.ar\/argentina\/wp-json\/wp\/v2\/tags?post=76696"}],"curies":[{"name":"wp","href":"https:\/\/api.w.org\/{rel}","templated":true}]}}