{"id":76732,"date":"2018-05-18T07:02:28","date_gmt":"2018-05-18T10:02:28","guid":{"rendered":"http:\/\/argentinamunicipal.com.ar\/argentina\/?p=76732"},"modified":"2018-05-18T07:02:28","modified_gmt":"2018-05-18T10:02:28","slug":"76732-2","status":"publish","type":"post","link":"http:\/\/argentinamunicipal.com.ar\/argentina\/76732-2\/","title":{"rendered":"Sin plan B frente al tarifazo"},"content":{"rendered":"<p>El senador Bullrich confirm\u00f3 que el Gobierno no tiene una alternativa para morigerar el aumento de tarifas. El senador Miguel Angel Pichetto le hab\u00eda dado plazo hasta la semana que viene al Gobierno antes de avanzar con el proyecto opositor.<\/p>\n<p>Sin plan B, el Gobierno aprovecha la tregua que le concedi\u00f3 el peronismo federal para intentar frenar el proyecto contra el tarifazo de los servicios p\u00fablicos en el Senado. En l\u00ednea con el presidente Mauricio Macri, el senador Esteban Bullrich ratific\u00f3 que el oficialismo no tiene una \u201calternativa\u201d para reducir los aumentos en luz, gas y agua. \u201cHay que tratar el tema con much\u00edsima seriedad y no imponiendo estos tiempos tan perentorios\u201d, sum\u00f3 el ministro de Interior, Rogelio Frigerio, en referencia al ultim\u00e1tum que el jefe de la bancada del peronismo dialoguista, Miguel Pichetto, le puso al Ejecutivo (el martes pr\u00f3ximo) para la presentaci\u00f3n de una \u201cpropuesta superadora\u201d. Mientras tanto, el Gobierno redobla la presi\u00f3n sobre las provincias para restar apoyo a la iniciativa.<\/p>\n<p>\u201cSi hubi\u00e9ramos tenido una alternativa a que la gente no tuviera que pagar inmediatamente este nuevo paso en el aumento de tarifas, lo hubi\u00e9ramos evitado. No encontramos manera de evitarlo\u201d, se justific\u00f3 Bullrich y redobl\u00f3 la apuesta invirtiendo la carga sobre el peronismo \u201cdialoguista\u201d: \u00a0\u201cPichetto dijo que adem\u00e1s de este proyecto estaban estudiando una alternativa. Estamos dispuestos a escuchar siempre\u201d.<\/p>\n<p>\u201cCon esta media sanci\u00f3n de Diputados pasa algo extra\u00f1o, porque nadie la apoya\u201d, agreg\u00f3 por su parte Frigerio para luego afirmar que \u201cla mayor\u00eda de los gobernadores se ha manifestado en contra porque este tema no es una atribuci\u00f3n del Congreso, y porque ellos no quieren que, en sus provincias, las legislaturas locales definan las tarifas\u201d.<\/p>\n<p>El propio Pichetto sostuvo en el plenario de comisiones del Senado \u2013en el que ratific\u00f3 la tregua y el plazo de vencimiento- que la iniciativa no alcanza a todos por igual y propuso que el Gobierno nacional \u201cle traspase\u201d las concesiones de Edenor, Edesur y Aysa a la provincia y la ciudad de Buenos Aires. Una propuesta que surgi\u00f3 de los gobernadores peronistas como el salte\u00f1o Juan Manuel Urtubey y el cordob\u00e9s Juan Schiaretti.<\/p>\n<p>El gobernador de C\u00f3rdoba se pronunci\u00f3 en contra que el Congreso fije las tarifas, porque \u201ces una potestad del Gobierno nacional\u201d. Pero termin\u00f3 dando \u201clibertad de acci\u00f3n\u201d a sus diputados \u2013que votaron a favor del proyecto contra el tarifazo\u2013 en medio de una disputa provincial con Cambiemos.<\/p>\n<p>Ayer, Urtubey sum\u00f3 cuestionamientos al proyecto pero tambi\u00e9n critic\u00f3 las decisiones del gobierno de Macri. \u201cLa pregunta es por qu\u00e9 el foco de la atenci\u00f3n est\u00e1 solamente puesto en la distribuci\u00f3n y no en la generaci\u00f3n. En Argentina la compra mayorista de energ\u00eda es del doble del promedio de lo que se compra en cualquier pa\u00eds del mundo y de la regi\u00f3n\u201d, asegur\u00f3 en rueda de prensa y propuso: \u201csi bajamos los costos de generaci\u00f3n, eso se traslada a la distribuci\u00f3n reduciendo m\u00e1s de un 20 por ciento las tarifas que tenemos hoy, sin inventar nada ni generar costos fiscales\u201d.<\/p>\n<p>En tanto, desde el interbloque Argentina Federal \u2013alineado con los gobernadores peronistas\u2013 respondieron por lo bajo a las cr\u00edticas avalando la tregua. Aunque algunos de ellos afirmaron a este diario que avanzar\u00e1n con la media sanci\u00f3n de Diputados si el Gobierno no propone una salida para morigerar el tarifazo.<\/p>\n<h6>Fuente: P\u00e1gina 12<\/h6>\n","protected":false},"excerpt":{"rendered":"<p>El senador Bullrich confirm\u00f3 que el Gobierno no tiene una alternativa para morigerar el aumento de tarifas.<\/p>\n","protected":false},"author":2,"featured_media":76733,"comment_status":"closed","ping_status":"closed","sticky":false,"template":"","format":"standard","meta":{"footnotes":""},"categories":[8],"tags":[21],"class_list":["post-76732","post","type-post","status-publish","format-standard","has-post-thumbnail","hentry","category-informe-nacional","tag-argentina"],"_links":{"self":[{"href":"http:\/\/argentinamunicipal.com.ar\/argentina\/wp-json\/wp\/v2\/posts\/76732","targetHints":{"allow":["GET"]}}],"collection":[{"href":"http:\/\/argentinamunicipal.com.ar\/argentina\/wp-json\/wp\/v2\/posts"}],"about":[{"href":"http:\/\/argentinamunicipal.com.ar\/argentina\/wp-json\/wp\/v2\/types\/post"}],"author":[{"embeddable":true,"href":"http:\/\/argentinamunicipal.com.ar\/argentina\/wp-json\/wp\/v2\/users\/2"}],"replies":[{"embeddable":true,"href":"http:\/\/argentinamunicipal.com.ar\/argentina\/wp-json\/wp\/v2\/comments?post=76732"}],"version-history":[{"count":0,"href":"http:\/\/argentinamunicipal.com.ar\/argentina\/wp-json\/wp\/v2\/posts\/76732\/revisions"}],"wp:featuredmedia":[{"embeddable":true,"href":"http:\/\/argentinamunicipal.com.ar\/argentina\/wp-json\/wp\/v2\/media\/76733"}],"wp:attachment":[{"href":"http:\/\/argentinamunicipal.com.ar\/argentina\/wp-json\/wp\/v2\/media?parent=76732"}],"wp:term":[{"taxonomy":"category","embeddable":true,"href":"http:\/\/argentinamunicipal.com.ar\/argentina\/wp-json\/wp\/v2\/categories?post=76732"},{"taxonomy":"post_tag","embeddable":true,"href":"http:\/\/argentinamunicipal.com.ar\/argentina\/wp-json\/wp\/v2\/tags?post=76732"}],"curies":[{"name":"wp","href":"https:\/\/api.w.org\/{rel}","templated":true}]}}