{"id":76738,"date":"2018-05-18T06:07:29","date_gmt":"2018-05-18T09:07:29","guid":{"rendered":"http:\/\/argentinamunicipal.com.ar\/argentina\/?p=76738"},"modified":"2018-05-18T07:09:30","modified_gmt":"2018-05-18T10:09:30","slug":"el-empleo-en-los-super-volvio-a-caer","status":"publish","type":"post","link":"http:\/\/argentinamunicipal.com.ar\/argentina\/el-empleo-en-los-super-volvio-a-caer\/","title":{"rendered":"El empleo en los s\u00faper volvi\u00f3 a caer"},"content":{"rendered":"<p>El mayor impacto fue en cajeros, administrativos y repositores. Las ventas mostraron una fuerte mejora, en s\u00faper y shoppings.<\/p>\n<p>Los puestos de trabajo en los supermercados volvieron a caer en marzo, seg\u00fan inform\u00f3 ayer el Indec. La destrucci\u00f3n fue del empleo fue de 3,4 por ciento interanual. Las ventas, en cambio, crecieron en marzo 7 por ciento a precios constantes y en el primer trimestre la suba fue de 1,8 por ciento, aunque con respecto a una base de comparaci\u00f3n muy baja, pues en marzo de 2017 las ventas en t\u00e9rminos constantes hab\u00edan registrado un desplome interanual de 6,7 por ciento. En el caso de los shoppings las ventas tambi\u00e9n crecieron en t\u00e9rminos constantes un 16,2 por ciento interanual en marzo y un 9,2 por ciento en el trimestre, aunque con una base de comparaci\u00f3n que en este caso tambi\u00e9n es baja, pues en marzo de 2017 la ca\u00edda en t\u00e9rminos reales hab\u00eda sido de 12,9 por ciento.<\/p>\n<p>El mayor impacto del ajuste lo sintieron cajeros, administrativos y repositores con un retroceso del empleo de 3,6 por ciento, mientras que entre supervisores el empleo retrocedi\u00f3 1,9 por ciento, siempre en la comparaci\u00f3n interanual.<\/p>\n<p>Indec inform\u00f3 ayer que en total el supermercadismo emplea 91.373 trabajadores, 3,4 por ciento menos que hace un a\u00f1o. Eso significa que 3216 personas perdieron su empleo. A su vez, desde diciembre de 2015 se perdieron 7856 puestos de trabajo.<\/p>\n<p>La crisis de Carrefour es un ejemplo de la situaci\u00f3n compleja que atraviesa el supermercadismo debido a la ca\u00edda que registr\u00f3 el consumo en los \u00faltimos dos a\u00f1os. La empresa francesa acord\u00f3 en abril un proceso preventivo de crisis que contempla el retiro voluntario de mil trabajadores. No obstante ya ven\u00eda despidiendo trabajadores desde hace tiempo. \u201cCarrefour ten\u00eda 21 mil trabajadores y luego de comprar los 129 locales de Eki y abrir 300 peque\u00f1os locales tiene 19 mil trabajadores\u201d, afirm\u00f3 a P\u00e1ginaI12 el pasado 6 de abril Mario Amado, delegado gremial de la sucursal de Warnes de Carrefour.<\/p>\n<p>Marzo experiment\u00f3 una fuerte mejora en las ventas de los s\u00faper medidas a precios constantes (7 por ciento), lo que permiti\u00f3 mostrar una recuperaci\u00f3n de 1,8 por ciento en el trimestre, pero la recuperaci\u00f3n es desde un piso muy bajo y la reciente devaluaci\u00f3n del peso hace dif\u00edcil prever que esta mejora pueda sostenerse en el tiempo ya que los precios est\u00e1n volviendo a subir muy por encima de los incrementos salariales.<\/p>\n<p>Las jurisdicciones donde se registraron las subas m\u00e1s importantes de ventas en marzo fueron Salta con 35,2 por ciento; Neuqu\u00e9n, 33,1; 24 partidos del Gran Buenos Aires, 32; Santa Fe, 31,8; y Tucum\u00e1n, 28,3.<\/p>\n<p>Los art\u00edculos con los aumentos de ventas m\u00e1s importantes respecto del mismo per\u00edodo del a\u00f1o anterior fueron \u201cElectr\u00f3nicos y art\u00edculos para el hogar\u201d, con un alza del 53 por ciento; \u201cPanader\u00eda\u201d, 39; \u201cBebidas\u201d, 37,1; e \u201cIndumentaria, calzado y textiles para el hogar\u201d, 34,7 por ciento.<\/p>\n<p>Del total de ventas, 7.793,4 millones de pesos (80 por ciento) corresponden a las grandes cadenas y 6.959,9 millones (20 por ciento) a las medianas. Las ventas de las cadenas grandes y medianas registraron en marzo, con respecto al mismo per\u00edodo del a\u00f1o anterior, incrementos de 29,6 y 26,8 por ciento, respectivamente, siempre a precios corrientes.<\/p>\n<p>En los shoppings los n\u00fameros muestran una mayor recuperaci\u00f3n con un incremento interanual de 16,2 por ciento en marzo y de 9,2 por ciento en el trimestre. Al observar el desagregado a precios corrientes por rubro se observa que los mayores incrementos fueron en: \u201cElectr\u00f3nicos, electrodom\u00e9sticos y computaci\u00f3n\u201d, 57,8 por ciento; \u201cRopa y accesorios deportivos\u201d, 42,3; \u201cIndumentaria, calzado y marroquiner\u00eda\u201d, 34,4; y \u201cPatio de comidas, alimentos y kioscos\u201d, 31,2 por ciento.<\/p>\n<h6>Fuente: P\u00e1gina 12<\/h6>\n","protected":false},"excerpt":{"rendered":"<p>El mayor impacto fue en cajeros, administrativos y repositores. Las ventas mostraron una fuerte mejora, en s\u00faper y shoppings.<\/p>\n","protected":false},"author":2,"featured_media":76739,"comment_status":"closed","ping_status":"closed","sticky":false,"template":"","format":"standard","meta":{"footnotes":""},"categories":[8],"tags":[21],"class_list":["post-76738","post","type-post","status-publish","format-standard","has-post-thumbnail","hentry","category-informe-nacional","tag-argentina"],"_links":{"self":[{"href":"http:\/\/argentinamunicipal.com.ar\/argentina\/wp-json\/wp\/v2\/posts\/76738","targetHints":{"allow":["GET"]}}],"collection":[{"href":"http:\/\/argentinamunicipal.com.ar\/argentina\/wp-json\/wp\/v2\/posts"}],"about":[{"href":"http:\/\/argentinamunicipal.com.ar\/argentina\/wp-json\/wp\/v2\/types\/post"}],"author":[{"embeddable":true,"href":"http:\/\/argentinamunicipal.com.ar\/argentina\/wp-json\/wp\/v2\/users\/2"}],"replies":[{"embeddable":true,"href":"http:\/\/argentinamunicipal.com.ar\/argentina\/wp-json\/wp\/v2\/comments?post=76738"}],"version-history":[{"count":0,"href":"http:\/\/argentinamunicipal.com.ar\/argentina\/wp-json\/wp\/v2\/posts\/76738\/revisions"}],"wp:featuredmedia":[{"embeddable":true,"href":"http:\/\/argentinamunicipal.com.ar\/argentina\/wp-json\/wp\/v2\/media\/76739"}],"wp:attachment":[{"href":"http:\/\/argentinamunicipal.com.ar\/argentina\/wp-json\/wp\/v2\/media?parent=76738"}],"wp:term":[{"taxonomy":"category","embeddable":true,"href":"http:\/\/argentinamunicipal.com.ar\/argentina\/wp-json\/wp\/v2\/categories?post=76738"},{"taxonomy":"post_tag","embeddable":true,"href":"http:\/\/argentinamunicipal.com.ar\/argentina\/wp-json\/wp\/v2\/tags?post=76738"}],"curies":[{"name":"wp","href":"https:\/\/api.w.org\/{rel}","templated":true}]}}