{"id":76741,"date":"2018-05-18T07:15:29","date_gmt":"2018-05-18T10:15:29","guid":{"rendered":"http:\/\/argentinamunicipal.com.ar\/argentina\/?p=76741"},"modified":"2018-05-18T07:15:29","modified_gmt":"2018-05-18T10:15:29","slug":"76741-2","status":"publish","type":"post","link":"http:\/\/argentinamunicipal.com.ar\/argentina\/76741-2\/","title":{"rendered":"M\u00e1s que aumento, depresi\u00f3n"},"content":{"rendered":"<p>Con el segundo incremento de la nueva ley de movilidad, los haberes subir\u00e1n 11,7 por ciento en el primer semestre, contra un IPC en torno del 15. Fuerte p\u00e9rdida respecto de la f\u00f3rmula de actualizaci\u00f3n anterior. Macri les apunta a los docentes.<\/p>\n<p>Las jubilaciones, pensiones y la Asignaci\u00f3n Universal por Hijo (AUH) aumentar\u00e1n desde junio un 5,69 por ciento, confirm\u00f3 ayer el Gobierno. Se trata del segundo incremento trimestral seg\u00fan prev\u00e9 la ley de movilidad jubilatoria sancionada a fines del a\u00f1o pasado, que debut\u00f3 con una suba del 5,71 por ciento en marzo. A partir del mes que viene, el haber mensual m\u00ednimo pasa a 8096 pesos, mientras que la AUH quedar\u00e1 en 1577 pesos. En septiembre, el incremento ser\u00e1 del 6,7 por ciento. El actual \u00edndice de movilidad est\u00e1 atado en un 70 por ciento al movimiento de los precios minoristas del Indec y en un 30 por ciento a la variaci\u00f3n de la remuneraci\u00f3n promedio de los trabajadores registrados (Ripte). Ese esquema deja de lado la recaudaci\u00f3n de la AFIP, con lo cual los haberes y las asignaciones no podr\u00e1n ganar en t\u00e9rminos reales en la medida en la cual lo hicieron en a\u00f1os previos. El presidente Mauricio Macri anticip\u00f3 ayer que apuntar\u00e1 a recortar los reg\u00edmenes jubilatorios especiales, como el que rige para el Poder Judicial, los docentes y mineros, entre otros.<\/p>\n<p>El Gobierno apel\u00f3 al FMI como socorro ante la corrida cambiaria, aunque las recomendaciones del Fondo vienen siendo muy escuchadas por Cambiemos desde antes de este episodio financiero. En su revisi\u00f3n de la econom\u00eda nacional prevista en el art\u00edculo IV de fines de 2016, el organismo crediticio sugiri\u00f3 cambiar la f\u00f3rmula de movilidad jubilatoria, atento al incremento del poder adquisitivo que ese \u00edndice hab\u00eda permitido a lo largo de los \u00faltimos a\u00f1os. A fines del a\u00f1o pasado y en medio de protestas y represi\u00f3n policial, el Congreso sancion\u00f3 el proyecto oficial de modificaci\u00f3n de la f\u00f3rmula de movilidad de las jubilaciones.<\/p>\n<p>La movilidad semestral pas\u00f3 a ser trimestral. El primer aumento, de marzo, fue del 5,71 por ciento, con lo cual el haber m\u00ednimo pas\u00f3 de 7246 a 7660 pesos. Esa suba se construy\u00f3 en base a las variaciones del IPC y del Ripte en julio, agosto y septiembre del a\u00f1o pasado. Ayer, la Anses confirm\u00f3 que desde junio comenzar\u00e1 a aplicarse un nuevo aumento del 5,69 por ciento (correspondiente a las variaciones de octubre, noviembre y diciembre de 2017). El haber m\u00ednimo sube hasta los 8096 pesos. De esta manera, el incremento acumulado es de 11,7 por ciento. El dato est\u00e1 bien por debajo de la inflaci\u00f3n, que se espera alcance el 14\/15 por ciento en junio. A pesar de la f\u00f3rmula de movilidad anterior, entre 2016 y 2017 las jubilaciones quedaron unos 6 puntos por debajo del avance de los precios.<\/p>\n<p>Tambi\u00e9n se conoce que la suba de septiembre ser\u00e1 del 6,7 por ciento, lo cual implicar\u00e1 un avance en el a\u00f1o del 19,2 por ciento, hasta los 8622 pesos. Seg\u00fan el especialista en temas previsionales, Miguel Fern\u00e1ndez Pastor, la vieja f\u00f3rmula de movilidad arrojar\u00eda un incremento del 29,6 por ciento entre las subas de marzo y septiembre 2018, lo cual implica un haber m\u00ednimo de 9390 pesos, una diferencia de 768 pesos en relaci\u00f3n a la nueva f\u00f3rmula. Para los jubilados que pudieron contar con un trabajo registrado y acumularon aportes, el Gobierno pag\u00f3 un bono compensatorio por \u00fanica vez de 750 pesos. En cambio, los jubilados por moratoria recibieron 375 pesos por \u00fanica vez. Sin embargo, el desfasaje entre f\u00f3rmulas no es por \u00fanica vez.<\/p>\n<p>Por otro lado, en julio algo m\u00e1s de un mill\u00f3n de jubilados que cobran la m\u00ednima recibir\u00e1n 103 pesos adicionales para cubrir la brecha piso del 82 por ciento en relaci\u00f3n al salario m\u00ednimo, que pasar\u00e1 a 10 mil pesos. Al comp\u00e1s de las jubilaciones suben las asignaciones familiares. Con la suba de junio, la AUH que cobran unos 4.300.000 ni\u00f1os y adolescentes de todo el pa\u00eds pasar\u00e1 de 1493 a 1577 pesos por mes.<\/p>\n<p>De cara a la aceleraci\u00f3n del ajuste fiscal que pretende encarar el Gobierno, el presidente Macri anticip\u00f3 ayer que buscar\u00e1 recortar las \u201cjubilaciones de privilegio\u201d. Si fueran los reg\u00edmenes diferenciales y especiales, alcanzar\u00eda a los docentes, investigadores, cient\u00edficos y todos aquellos que se desempe\u00f1an en actividades que generan un envejecimiento prematuro o lo hacen en lugares insalubres, como los recolectores de residuos, los mineros o en los altos hornos.<\/p>\n<h6>Fuente: P\u00e1gina 12<\/h6>\n","protected":false},"excerpt":{"rendered":"<p>Con el segundo incremento de la nueva ley de movilidad, los haberes subir\u00e1n 11,7 por ciento en el primer semestre, contra un IPC en torno del 15. Fuerte p\u00e9rdida respecto de la f\u00f3rmula de actualizaci\u00f3n anterior. Macri les apunta a los docentes.<\/p>\n","protected":false},"author":2,"featured_media":76742,"comment_status":"closed","ping_status":"closed","sticky":false,"template":"","format":"standard","meta":{"footnotes":""},"categories":[8],"tags":[21],"class_list":["post-76741","post","type-post","status-publish","format-standard","has-post-thumbnail","hentry","category-informe-nacional","tag-argentina"],"_links":{"self":[{"href":"http:\/\/argentinamunicipal.com.ar\/argentina\/wp-json\/wp\/v2\/posts\/76741","targetHints":{"allow":["GET"]}}],"collection":[{"href":"http:\/\/argentinamunicipal.com.ar\/argentina\/wp-json\/wp\/v2\/posts"}],"about":[{"href":"http:\/\/argentinamunicipal.com.ar\/argentina\/wp-json\/wp\/v2\/types\/post"}],"author":[{"embeddable":true,"href":"http:\/\/argentinamunicipal.com.ar\/argentina\/wp-json\/wp\/v2\/users\/2"}],"replies":[{"embeddable":true,"href":"http:\/\/argentinamunicipal.com.ar\/argentina\/wp-json\/wp\/v2\/comments?post=76741"}],"version-history":[{"count":0,"href":"http:\/\/argentinamunicipal.com.ar\/argentina\/wp-json\/wp\/v2\/posts\/76741\/revisions"}],"wp:featuredmedia":[{"embeddable":true,"href":"http:\/\/argentinamunicipal.com.ar\/argentina\/wp-json\/wp\/v2\/media\/76742"}],"wp:attachment":[{"href":"http:\/\/argentinamunicipal.com.ar\/argentina\/wp-json\/wp\/v2\/media?parent=76741"}],"wp:term":[{"taxonomy":"category","embeddable":true,"href":"http:\/\/argentinamunicipal.com.ar\/argentina\/wp-json\/wp\/v2\/categories?post=76741"},{"taxonomy":"post_tag","embeddable":true,"href":"http:\/\/argentinamunicipal.com.ar\/argentina\/wp-json\/wp\/v2\/tags?post=76741"}],"curies":[{"name":"wp","href":"https:\/\/api.w.org\/{rel}","templated":true}]}}