{"id":76750,"date":"2018-05-18T07:24:13","date_gmt":"2018-05-18T10:24:13","guid":{"rendered":"http:\/\/argentinamunicipal.com.ar\/argentina\/?p=76750"},"modified":"2018-05-18T07:24:13","modified_gmt":"2018-05-18T10:24:13","slug":"santa-fe-quedo-constituido-el-foro-de-intendentes-y-presidentes-comunales-de-la-ucr","status":"publish","type":"post","link":"http:\/\/argentinamunicipal.com.ar\/argentina\/santa-fe-quedo-constituido-el-foro-de-intendentes-y-presidentes-comunales-de-la-ucr\/","title":{"rendered":"Santa Fe: Qued\u00f3 constituido el Foro de Intendentes y Presidentes Comunales de la UCR"},"content":{"rendered":"<p>Este mi\u00e9rcoles se firm\u00f3 en el Comit\u00e9 Provincial de Santa Fe el acta constitutiva del espacio, durante un encuentro que reuni\u00f3 a 37 intendentes y presidentes comunales.<\/p>\n<p>El Foro de Intendentes y Presidentes Comunales de la UCR santafesina tuvo este mi\u00e9rcoles su reuni\u00f3n mensual en\u00a0Santa Fe, a la que concurrieron 37 jefes de gobiernos locales, representando a ciudades de 18 de los 19 departamentos de la provincia. El encuentro, que se desarroll\u00f3 en el Comit\u00e9 Provincial del partido, sirvi\u00f3 para institucionalizar este organismo que ha ido ganando espacio de manera s\u00f3lida dentro del radicalismo en el \u00faltimo tiempo.<\/p>\n<p>\u00abPara nosotros es un d\u00eda hist\u00f3rico\u00bb, sintetiz\u00f3 en di\u00e1logo con la prensa Dionisio Scarp\u00edn, intendente de Avellaneda y electo presidente del Foro. \u00abM\u00e1s all\u00e1 de que venimos funcionando hace dos a\u00f1os en este formato, sentimos que era momento de firmar esta acta constitutiva y elevarla a las autoridades del partido para que se apruebe en la pr\u00f3xima convenci\u00f3n\u00bb, adelant\u00f3 el dirigente del norte santafesino.<\/p>\n<p>Al expresarse en torno a la finalidad de este organismo, Scarp\u00edn dijo: \u00abEste espacio sirve para abordar temas comunes, algunos f\u00e1ciles, otros complejos. El valor de esta construcci\u00f3n es que ha servido para poner por encima las gestiones a los intereses internos del partido y trabajar en temas comunes, que en definitiva son los problemas de la gente. Porque los gobiernos locales somos los que m\u00e1s cerca del ciudadano estamos y m\u00e1s conocemos sus problem\u00e1ticas\u00bb, se\u00f1al\u00f3 Scarp\u00edn.<\/p>\n<p>A su turno, la intendenta de Carcara\u00f1\u00e1, Ver\u00f3nica Schuager, subray\u00f3 que el Foro sirve para \u00abfortalecernos y hacer grande al partido en la provincia, aportando desde nuestros lugares, entendiendo que hay una nueva generaci\u00f3n de dirigentes radicales que se viene forjando y ganando espacios y que queremos abrirnos camino, que se nos escuche, no solo en el Comit\u00e9 provincial, sino en el nacional, como as\u00ed tambi\u00e9n en el Gobierno nacional y en el gobierno provincial\u00bb.<\/p>\n<p>Finalmente, el intendente anfitri\u00f3n,\u00a0Jos\u00e9 Corral, se\u00f1al\u00f3 que la constituci\u00f3n formal del Foro \u00absignifica una gran alegr\u00eda, porque de esta forma fortalecemos a los gobiernos locales. Ya hemos tenido resultados concretos de defensa de fondos municipales\u00bb, record\u00f3 el mandatario de la capital provincial. \u00abHemos tenido como Foro reuniones con autoridades provinciales; habr\u00e1 otras con autoridades nacionales el mes pr\u00f3ximo\u00bb.<\/p>\n<p>Y destac\u00f3 que se trabaja \u00absiempre desde una mirada com\u00fan: somos radicales, compartimos valores, ideas, pertenencia, que se consolida con este v\u00ednculo\u00bb, asegur\u00f3 Corral.<\/p>\n<p>Constituci\u00f3n formal<br \/>\nEl acta constitutiva del Foro Radical de Municipios y Comunas de la Provincia de Santa Fe, tal su nombre completo, indica que el organismo surge por \u00abla trascendencia que toman en la actualidad los gobiernos locales frente a las demandas de car\u00e1cter cada vez m\u00e1s heterog\u00e9neo que recaen sobre esta esfera de gobierno y que los lleva a asumir nuevas responsabilidades frente a la ciudadan\u00eda\u00bb. En ese sentido, \u00ablos gobiernos locales resultan el primer estrato de poder p\u00fablico frente al cual recurren los ciudadanos para resolver las demandas de la vida p\u00fablica y social\u00bb, indica el acta.<\/p>\n<p>El texto destaca que la UCR en Santa Fe tiene un \u00abamplio despliegue territorial\u00bb y que hay \u00abuna visi\u00f3n compartida respecto a los valores, prioridades y directrices que deben guiar la gobernanza local\u00bb.<\/p>\n<p>\u00abEn este contexto, el Foro tendr\u00e1 como misi\u00f3n jerarquizar a los intendentes y presidentes comunales radicales en la discusi\u00f3n y en la vida pol\u00edtica de nuestro partido en la provincia de Santa Fe\u00bb, anticipa el acta que institucionaliza el organismo. Agrega tambi\u00e9n que ser\u00e1 \u00abun espacio de di\u00e1logo e intercambio colectivo que permita compartir buenas pr\u00e1cticas vinculadas a la formulaci\u00f3n de proyectos, gesti\u00f3n e implementaci\u00f3n de pol\u00edticas p\u00fablicas, como asimismo, articular de manera sistem\u00e1tica las gestiones ante el Estado provincial y nacional\u00bb.<\/p>\n<p>Entre los objetivos, los intendentes y presidentes comunales destacaron dos: por un lado, \u00abpromover la formaci\u00f3n y especializaci\u00f3n t\u00e9cnica, pol\u00edtica y dirigencial de los integrantes del colectivo y sus equipos de trabajo, fomentando activamente la incorporaci\u00f3n de nuevas generaciones a la gesti\u00f3n p\u00fablica y la participaci\u00f3n pol\u00edtica en el radicalismo\u00bb. Y adem\u00e1s, contribuir \u00aba una Uni\u00f3n C\u00edvica Radical organizada y vigorosa, con un fuerte sentido federal, que se encuentre en condiciones de presentarse hacia la sociedad como una herramienta conducente para canalizar su vocaci\u00f3n de alcanzar una provincia m\u00e1s justa e igualitaria\u00bb.<\/p>\n<p>Tarifas<br \/>\nPosteriormente a la aprobaci\u00f3n del acta constitutiva, el Foro se present\u00f3 formalmente ante las autoridades partidarias del Comit\u00e9 y de la Convenci\u00f3n Provincial.<\/p>\n<p>Adem\u00e1s, durante la reuni\u00f3n y entre otros temas, los intendentes y presidentes comunales analizaron la situaci\u00f3n de cada una de las localidades con relaci\u00f3n a la Empresa Provincial de la Energ\u00eda. Habi\u00e9ndose abordado los diferentes componentes tributarios que ven reflejados los vecinos de las localidades en sus facturas, y la situaci\u00f3n del alumbrado p\u00fablico en la geograf\u00eda provincial, se defini\u00f3 elevar el requerimiento de integrar la comisi\u00f3n que anunci\u00f3 el gobernador\u00a0Miguel Lifschitz\u00a0y que se abocar\u00e1 a analizar estos temas para reducir costos.<\/p>\n<p>Presentes<br \/>\nEn la reuni\u00f3n de este mi\u00e9rcoles en Santa Fe estuvieron presentes los intendentes Dionisio Scarp\u00edn, de Avellaneda; Ver\u00f3nica Schuager, de Carcara\u00f1\u00e1; Jos\u00e9 Corral, de Santa Fe; Leonardo Raimundo, de San Lorenzo; Pablo Verdeccia, de Armstrong; Gast\u00f3n Marconcini, de San Genaro; Daniela Q\u00fcesta, de Santo Tom\u00e9; Mario Migno, de San Javier; Horacio Rigo, de San Crist\u00f3bal; Horacio Carnevali, de Tototoras; Enrique Padu\u00e1n, de Villa Ocampo; Leonel Maximino, de Firmat; Norberto Gizzi, de Villa Ca\u00f1\u00e1s; Victoria Civalero, de Frontera; Sergio Ramseyer, de Romang; Jorge Placenzotti, de San Carlos Centro; Reynaldo Fabbroni, de Vera; H\u00e9ctor Leiva, de Nelson; Ariel Bola\u00f1o, de Margarita; Daniel Quacquarini, de Pujato; Carlos Bongiovani, de Piamonte; Duilio Rohrmann, de Humboldt; Horacio Ciancio, de San Jer\u00f3nimo Sud; Gonzalo Aira, de San Vicente; Melina Giorgi, de Fuentes; Luis Alberto Pallero, de Monte Vera; David Dichiara, de Cha\u00f1ar Ladeado; Alejandro Luciani, de Soldini; Ra\u00fal Vallejos, de Empalme Villa Constituci\u00f3n; Mar\u00eda del Carmen Amero, de Sastre; Maricel Asan, de San Bernardo; Juan Jos\u00e9 Sarasola, de Casilda; El\u00edas Muchiut, de Los Laureles; Hugo Amiccucci, de San Mariano; Marcelo Brocca, de Presidente Roca, y Jos\u00e9 Luis Kavulsky, de Plaza Clucellas.<\/p>\n<h6>Fuente: Uno<\/h6>\n","protected":false},"excerpt":{"rendered":"<p>Este mi\u00e9rcoles se firm\u00f3 en el Comit\u00e9 Provincial de Santa Fe el acta constitutiva del espacio, durante un encuentro que reuni\u00f3 a 37 intendentes y presidentes comunales.<\/p>\n","protected":false},"author":2,"featured_media":76751,"comment_status":"closed","ping_status":"closed","sticky":false,"template":"","format":"standard","meta":{"footnotes":""},"categories":[4],"tags":[10],"class_list":["post-76750","post","type-post","status-publish","format-standard","has-post-thumbnail","hentry","category-informe-politico","tag-santa-fe"],"_links":{"self":[{"href":"http:\/\/argentinamunicipal.com.ar\/argentina\/wp-json\/wp\/v2\/posts\/76750","targetHints":{"allow":["GET"]}}],"collection":[{"href":"http:\/\/argentinamunicipal.com.ar\/argentina\/wp-json\/wp\/v2\/posts"}],"about":[{"href":"http:\/\/argentinamunicipal.com.ar\/argentina\/wp-json\/wp\/v2\/types\/post"}],"author":[{"embeddable":true,"href":"http:\/\/argentinamunicipal.com.ar\/argentina\/wp-json\/wp\/v2\/users\/2"}],"replies":[{"embeddable":true,"href":"http:\/\/argentinamunicipal.com.ar\/argentina\/wp-json\/wp\/v2\/comments?post=76750"}],"version-history":[{"count":0,"href":"http:\/\/argentinamunicipal.com.ar\/argentina\/wp-json\/wp\/v2\/posts\/76750\/revisions"}],"wp:featuredmedia":[{"embeddable":true,"href":"http:\/\/argentinamunicipal.com.ar\/argentina\/wp-json\/wp\/v2\/media\/76751"}],"wp:attachment":[{"href":"http:\/\/argentinamunicipal.com.ar\/argentina\/wp-json\/wp\/v2\/media?parent=76750"}],"wp:term":[{"taxonomy":"category","embeddable":true,"href":"http:\/\/argentinamunicipal.com.ar\/argentina\/wp-json\/wp\/v2\/categories?post=76750"},{"taxonomy":"post_tag","embeddable":true,"href":"http:\/\/argentinamunicipal.com.ar\/argentina\/wp-json\/wp\/v2\/tags?post=76750"}],"curies":[{"name":"wp","href":"https:\/\/api.w.org\/{rel}","templated":true}]}}