{"id":76813,"date":"2018-05-21T07:40:15","date_gmt":"2018-05-21T10:40:15","guid":{"rendered":"http:\/\/argentinamunicipal.com.ar\/argentina\/?p=76813"},"modified":"2018-05-21T07:40:15","modified_gmt":"2018-05-21T10:40:15","slug":"25m-contra-el-fmi-gran-convocatoria-y-expectativa-para-el-acto-del-25-de-mayo-en-el-obelisco","status":"publish","type":"post","link":"http:\/\/argentinamunicipal.com.ar\/argentina\/25m-contra-el-fmi-gran-convocatoria-y-expectativa-para-el-acto-del-25-de-mayo-en-el-obelisco\/","title":{"rendered":"25M contra el FMI: gran convocatoria y expectativa para el acto del 25 de mayo en el Obelisco"},"content":{"rendered":"<p>Agrupaciones opositoras al gobierno macrista, sindicatos, gremios y organismos de Derechos Humanos realizar\u00e1n un acto el viernes 25 de mayo, en el Obelisco, contra el regreso al Fondo Monetario Internacional bajo la consigna \u201cLa patria est\u00e1 en peligro\u201d.<\/p>\n<p>Amplias vertientes del amplio espectro opositor al gobierno macrista llevar\u00e1n a cabo un acto el viernes 25 de mayo, en el Obelisco, contra el apoyo financiero por parte del Fondo Monetario Internacional (FMI) bajo la consigna \u201cLa patria est\u00e1 en peligro\u201d.<\/p>\n<p>La convocatoria es abierta a todos los ciudadanos que est\u00e9n en contra del acuerdo con el FMI para que participen del acto durante el feriado del 25 de mayo.<\/p>\n<p>El diputado nacional Andr\u00e9s Larroque, llam\u00f3 a movilizarse \u201cel 25 de mayo a las 13 en el Obelisco\u00bb con las consignas \u00ab#LaPatriaEstaEnPeligro\u00bb y \u00ab#NoAlFMI\u201d.<\/p>\n<p>La CTA de los Trabajadores detall\u00f3, a trav\u00e9s de un comunicado, que de la actividad participar\u00e1n tambi\u00e9n \u201corganizaciones sociales, barriales, cooperativistas, pymes y destacadas personalidades de las artes y la cultura popular\u201d.<\/p>\n<p>El acto se realizar\u00e1 sobre la avenida 9 de Julio, con un escenario central en el Obelisco donde actuar\u00e1n bandas musicales y luego los organizadores leer\u00e1n un documento que denominaron \u201cProclama Popular del 25 de Mayo de 2018: No al FMI\u201d, que ser\u00e1 muy cr\u00edtica con la administraci\u00f3n de Mauricio Macri por \u201cla pol\u00edtica del tarifazo y el ajuste\u201d.<\/p>\n<p>El esquema de la protesta ser\u00e1 el mismo de la marcha del 21 de febrero, cuando parte de la CGT, las dos CTA y partidos opositores reclamaron por las pol\u00edticas econ\u00f3micas y sociales del Gobierno.<\/p>\n<p>La dirigente de Madres de Plaza de Mayo l\u00ednea Fundadora, Taty Almeida, tambi\u00e9n convoc\u00f3 a asistir ese viernes pero a las 15, hacia el Cabildo porte\u00f1o a cantar el himno nacional porque \u201cla patria est\u00e1 en peligro\u201d, seg\u00fan consider\u00f3 en un video que se viraliz\u00f3 por las redes sociales.<\/p>\n<p>En la misma l\u00ednea se manifest\u00f3 la titular de Abuelas de Plaza de Mayo, Estela de Carlotto.<\/p>\n<h6>Fuetne: InfoNews<\/h6>\n","protected":false},"excerpt":{"rendered":"<p>Agrupaciones opositoras al gobierno macrista, sindicatos, gremios y organismos de Derechos Humanos realizar\u00e1n un acto el viernes 25 de mayo, en el Obelisco, contra el regreso al Fondo Monetario Internacional bajo la consigna \u201cLa patria est\u00e1 en peligro\u201d.<\/p>\n","protected":false},"author":2,"featured_media":76814,"comment_status":"closed","ping_status":"closed","sticky":false,"template":"","format":"standard","meta":{"footnotes":""},"categories":[8],"tags":[21],"class_list":["post-76813","post","type-post","status-publish","format-standard","has-post-thumbnail","hentry","category-informe-nacional","tag-argentina"],"_links":{"self":[{"href":"http:\/\/argentinamunicipal.com.ar\/argentina\/wp-json\/wp\/v2\/posts\/76813","targetHints":{"allow":["GET"]}}],"collection":[{"href":"http:\/\/argentinamunicipal.com.ar\/argentina\/wp-json\/wp\/v2\/posts"}],"about":[{"href":"http:\/\/argentinamunicipal.com.ar\/argentina\/wp-json\/wp\/v2\/types\/post"}],"author":[{"embeddable":true,"href":"http:\/\/argentinamunicipal.com.ar\/argentina\/wp-json\/wp\/v2\/users\/2"}],"replies":[{"embeddable":true,"href":"http:\/\/argentinamunicipal.com.ar\/argentina\/wp-json\/wp\/v2\/comments?post=76813"}],"version-history":[{"count":0,"href":"http:\/\/argentinamunicipal.com.ar\/argentina\/wp-json\/wp\/v2\/posts\/76813\/revisions"}],"wp:featuredmedia":[{"embeddable":true,"href":"http:\/\/argentinamunicipal.com.ar\/argentina\/wp-json\/wp\/v2\/media\/76814"}],"wp:attachment":[{"href":"http:\/\/argentinamunicipal.com.ar\/argentina\/wp-json\/wp\/v2\/media?parent=76813"}],"wp:term":[{"taxonomy":"category","embeddable":true,"href":"http:\/\/argentinamunicipal.com.ar\/argentina\/wp-json\/wp\/v2\/categories?post=76813"},{"taxonomy":"post_tag","embeddable":true,"href":"http:\/\/argentinamunicipal.com.ar\/argentina\/wp-json\/wp\/v2\/tags?post=76813"}],"curies":[{"name":"wp","href":"https:\/\/api.w.org\/{rel}","templated":true}]}}