{"id":76828,"date":"2018-05-21T05:58:00","date_gmt":"2018-05-21T08:58:00","guid":{"rendered":"http:\/\/argentinamunicipal.com.ar\/argentina\/?p=76828"},"modified":"2018-05-21T08:00:12","modified_gmt":"2018-05-21T11:00:12","slug":"dietrich-prefiere-ver-el-vaso-medio-lleno","status":"publish","type":"post","link":"http:\/\/argentinamunicipal.com.ar\/argentina\/dietrich-prefiere-ver-el-vaso-medio-lleno\/","title":{"rendered":"Dietrich prefiere ver el vaso medio lleno"},"content":{"rendered":"<p>La decisi\u00f3n oficial de devaluar el peso aceler\u00f3 la suba de precios, con la consiguiente p\u00e9rdida de poder adquisitivo de la poblaci\u00f3n, pero Dietrich prefiri\u00f3 destacar los efectos sobre el turismo en las Cataratas. Confirm\u00f3 la nueva suba del transporte en junio.<\/p>\n<p>\u201cEn Iguaz\u00fa est\u00e1n felices con la devaluaci\u00f3n del tipo de cambio. Me dec\u00edan \u2018no entiendo por qu\u00e9 se preocupan. Para nosotros es lo mejor del mundo. Van a venir m\u00e1s paraguayos, m\u00e1s brasile\u00f1os, m\u00e1s gente de todas partes del mundo\u2019\u201d, asegur\u00f3 ayer el ministro de Transporte, Guillermo Dietrich en declaraciones radiales cuando lo consultaron sobre las consecuencias de la devaluaci\u00f3n. El funcionario aprovech\u00f3 adem\u00e1s para confirmar un nuevo aumento del colectivo a partir de julio y el recorte en las obras p\u00fablicas que se financian con recursos provenientes del Tesoro Nacional.<\/p>\n<p>En lo que va del a\u00f1o el d\u00f3lar aument\u00f3 un 32,5 por ciento y un 22 por ciento solo el \u00faltimo mes. La decisi\u00f3n oficial de devaluar el peso aceler\u00f3 la suba de precios, con la consiguiente p\u00e9rdida de poder adquisitivo de la poblaci\u00f3n, hizo caer miles de operaciones inmobiliarias e incrementar\u00e1 sustancialmente la deuda de aquellos tomadores de cr\u00e9dito hipotecarios indexados por inflaci\u00f3n. Sin embargo, el ministro de Transporte prefiri\u00f3 destacar el impacto positivo que generar\u00e1 en el turismo, particularmente en la ciudad de Iguaz\u00fa, al noreste del pa\u00eds.<\/p>\n<p>\u201cEl martes estuve en Iguaz\u00fa con el ministro (Gustavo) Santos reabriendo el aeropuerto de Iguaz\u00fa que estuvo cerrado un mes porque lo estamos haciendo completamente a nuevo. \u00bfQu\u00e9 te encontr\u00e1s en Iguaz\u00fa? En Iguaz\u00fa estaban felices con la devaluaci\u00f3n del tipo de cambio\u201d, sostuvo el funcionario, aunque despu\u00e9s tambi\u00e9n aclar\u00f3 que \u201clo que tenemos nosotros, por esa historia nuestra, es la presi\u00f3n que genera el d\u00f3lar sobre la inflaci\u00f3n y vamos a tener que buscar los equilibrios\u201d.<\/p>\n<p>El Indec inform\u00f3 que la inflaci\u00f3n de abril fue de 2,7 por ciento y varias consultoras pronostican para mayo una suba cercana a los 3 puntos, pese a que el gobierno hab\u00eda prometido que a partir de ese mes los precios iban a comenzar a bajar. A su vez, el gobierno se vio forzado a congelar el precio de los combustibles por dos meses pese a que en octubre los hab\u00eda liberado. Eso significa que en el segundo semestre la inflaci\u00f3n se mantendr\u00e1 alta debido al ajuste en el precios de las naftas, a no ser que el gobierno decida incrementar los subsidios sobre las petroleras poniendo en jaque su objetivo de reducci\u00f3n gradual del d\u00e9ficit fiscal.<\/p>\n<p>Dietrich reconoci\u00f3 tambi\u00e9n que se van a recortar los fondos del Tesoro destinados a las obras p\u00fablicas contempladas en el presupuesto que todav\u00eda no se iniciaron, aunque sostuvo que el programa de financiamiento con Participaci\u00f3n P\u00fablico Privada (PPP) servir\u00e1 para compensar ese recorte. \u201cEn nada que haya empezado va a haber recortes. Lo que se va a cambiar en algunos casos es obras de PPP por menos obras de las nuevas del Tesoro\u201d, sostuvo.<\/p>\n<p>\u2013\u00bfVa a aumentar el colectivo antes de fin de a\u00f1o?\u2013le preguntaron en radio La Red.<\/p>\n<p>\u2013Queda un aumento anunciado a principios de a\u00f1o que es el de junio. Eso es lo \u00fanico que existe con seguridad.<\/p>\n<p>\u2013\u00bfFrente a la situaci\u00f3n actual est\u00e1 prevista la posibilidad de postergarlo como se hizo con el aumento de las naftas?<\/p>\n<p>\u2013No.<\/p>\n<p>De acuerdo al cuadro tarifario anunciado por el Gobierno en enero, los pasajes de colectivo, tren y subte alcanzar\u00edan una suba de entre el 60 y el 90 por ciento en tres tramos: febrero, abril y junio. Con el \u00faltimo ajuste de ese cronograma, el pasaje m\u00ednimo de colectivo, por ejemplo, subir\u00e1 de 9 a 10 pesos. Adem\u00e1s, la intenci\u00f3n oficial es que se destrabe el aumento del subte para llevar el pasaje de 7,50 a 12,50 pesos a partir del mes pr\u00f3ximo.<\/p>\n<h6>Fuente: P\u00e1gina 12<\/h6>\n","protected":false},"excerpt":{"rendered":"<p>La decisi\u00f3n oficial de devaluar el peso aceler\u00f3 la suba de precios, con la consiguiente p\u00e9rdida de poder adquisitivo de la poblaci\u00f3n, pero Dietrich prefiri\u00f3 destacar los efectos sobre el turismo en las Cataratas. <\/p>\n","protected":false},"author":2,"featured_media":76829,"comment_status":"closed","ping_status":"closed","sticky":false,"template":"","format":"standard","meta":{"footnotes":""},"categories":[8],"tags":[21],"class_list":["post-76828","post","type-post","status-publish","format-standard","has-post-thumbnail","hentry","category-informe-nacional","tag-argentina"],"_links":{"self":[{"href":"http:\/\/argentinamunicipal.com.ar\/argentina\/wp-json\/wp\/v2\/posts\/76828","targetHints":{"allow":["GET"]}}],"collection":[{"href":"http:\/\/argentinamunicipal.com.ar\/argentina\/wp-json\/wp\/v2\/posts"}],"about":[{"href":"http:\/\/argentinamunicipal.com.ar\/argentina\/wp-json\/wp\/v2\/types\/post"}],"author":[{"embeddable":true,"href":"http:\/\/argentinamunicipal.com.ar\/argentina\/wp-json\/wp\/v2\/users\/2"}],"replies":[{"embeddable":true,"href":"http:\/\/argentinamunicipal.com.ar\/argentina\/wp-json\/wp\/v2\/comments?post=76828"}],"version-history":[{"count":0,"href":"http:\/\/argentinamunicipal.com.ar\/argentina\/wp-json\/wp\/v2\/posts\/76828\/revisions"}],"wp:featuredmedia":[{"embeddable":true,"href":"http:\/\/argentinamunicipal.com.ar\/argentina\/wp-json\/wp\/v2\/media\/76829"}],"wp:attachment":[{"href":"http:\/\/argentinamunicipal.com.ar\/argentina\/wp-json\/wp\/v2\/media?parent=76828"}],"wp:term":[{"taxonomy":"category","embeddable":true,"href":"http:\/\/argentinamunicipal.com.ar\/argentina\/wp-json\/wp\/v2\/categories?post=76828"},{"taxonomy":"post_tag","embeddable":true,"href":"http:\/\/argentinamunicipal.com.ar\/argentina\/wp-json\/wp\/v2\/tags?post=76828"}],"curies":[{"name":"wp","href":"https:\/\/api.w.org\/{rel}","templated":true}]}}