{"id":76887,"date":"2018-05-22T07:01:06","date_gmt":"2018-05-22T10:01:06","guid":{"rendered":"http:\/\/argentinamunicipal.com.ar\/argentina\/?p=76887"},"modified":"2018-05-22T07:01:06","modified_gmt":"2018-05-22T10:01:06","slug":"sin-plan-b-la-oposicion-avanza","status":"publish","type":"post","link":"http:\/\/argentinamunicipal.com.ar\/argentina\/sin-plan-b-la-oposicion-avanza\/","title":{"rendered":"Sin plan b, la oposici\u00f3n avanza"},"content":{"rendered":"<p>Pichetto ratific\u00f3 que la oposici\u00f3n buscar\u00e1 sacar dictamen hoy en el Senado al proyecto que ya tiene media sanci\u00f3n de Diputados. Expondr\u00e1n representantes de las compa\u00f1\u00edas energ\u00e9ticas y de los entes reguladores.<\/p>\n<p>La oposici\u00f3n ir\u00e1 hoy en el Senado por el dictamen a favor del proyecto que pone freno al tarifazo en los servicios p\u00fablicos y que buscar\u00e1 convertir en ley el 30 de mayo. As\u00ed lo ratific\u00f3 ayer el senador rionegrino Miguel Pichetto, despu\u00e9s que el Gobierno desech\u00f3 la tregua de una semana que le concedi\u00f3 el peronismo federal para que presente \u201cuna alternativa superadora\u201d que morigere el aumento de tarifas. Sin plan B, los senadores del oficialismo se presentar\u00e1n en el plenario de comisiones de la C\u00e1mara alta \u201ccoacheados\u201d por el ministro de Energ\u00eda, Juan Jos\u00e9 Aranguren, mientras los representantes de las empresas energ\u00e9ticas beneficiadas y de los entes reguladores asumir\u00e1n la defensa de la pol\u00edtica tarifaria del Ejecutivo. Pero no contar\u00e1n con los gobernadores dialoguistas del peronismo, que esquivaron el convite para respaldar p\u00fablicamente la pol\u00edtica oficial.<\/p>\n<p>Sin negociaciones ni propuestas oficiales para morigerar el tarifazo, Pichetto dio por vencido el ultim\u00e1tum de la tregua que concedi\u00f3 al Gobierno. \u201cNo hay propuesta alternativa del gobierno nacional as\u00ed que ratificamos nuestro planteo del mi\u00e9rcoles pasado y firmaremos el dictamen del proyecto tal cual vino de Diputados\u201d, anunci\u00f3 el senador rionegrino que comanda el interbloque Argentina Federal, alineado con varios mandatarios provinciales peronistas.<\/p>\n<p>\u201cSe hicieron esfuerzos hasta \u00faltimo momento\u201d, agreg\u00f3 Pichetto para ratificar su postura \u201cdialoguista\u201d con el Gobierno, pero convencido que ya no hay tiempo para asumir la carga pol\u00edtica de conceder otras dilaciones en medio de cr\u00edticas y cuestionamientos de otras bancadas opositoras: \u201cIr\u00edamos al recinto de sesiones con ese proyecto el mi\u00e9rcoles 30 de mayo\u201d, sostuvo Pichetto.<\/p>\n<p>Con la decisi\u00f3n asumida por el peronismo federal, el conjunto de los bloques opositores en el Senado tendr\u00edan las manos suficientes para alzarse con el dictamen de mayor\u00eda en el plenario de las comisiones de Derechos y Garant\u00edas; Presupuesto y Energ\u00eda y Miner\u00eda convocada para hoy a las 11 en el Sal\u00f3n Illia. Tambi\u00e9n para convertir en ley la media sanci\u00f3n de Diputados que declara la emergencia tarifaria, retrotrae las tarifas de luz, gas y agua a noviembre de 2017, propone estabilizarlas por un a\u00f1o y ata los futuros aumentos al \u00edndice de variaci\u00f3n salarial para los hogares y al \u00edndice de precios mayoristas para pymes, cooperativas y empresas recuperadas.<\/p>\n<p>La respuesta a la tregua lleg\u00f3 de la mano del propio Mauricio Macri, que ratific\u00f3 la pol\u00edtica tarifaria del Gobierno y redobl\u00f3 la presi\u00f3n sobre los gobernadores peronistas para intentar revertir la suerte en el Senado y evitar el costo pol\u00edtico del anunciado veto presidencial.<\/p>\n<p>\u201cTodos los gobernadores comparten con el Presidente la idea de que las legislaturas no tienen que meterse con el tema de tarifas, porque \u00e9sta es una potestad de los poderes ejecutivos, a nivel nacional como a nivel de cada una de las jurisdicciones\u201d, argument\u00f3 ayer el ministro de Interior Rogelio Frigerio en declaraciones period\u00edsticas. \u201cVamos a seguir dialogando con todos, intentando que este proyecto que no quiere nadie no termine convirti\u00e9ndose en ley\u201d, insisti\u00f3 el ministro.<\/p>\n<p>En un nuevo intento por dilatar el debate, el oficialismo hab\u00eda planteado la semana pasada, en el plenario de comisiones del Senado, la \u201cnecesidad\u201d de escuchar la opini\u00f3n de los gobernadores. Pero ni a\u00fan los mandatarios peronistas m\u00e1s cercanos al Gobierno quisieron asumir la defensa p\u00fablica de la pol\u00edtica tarifaria del Gobierno central.<\/p>\n<p>El salte\u00f1o Juan Manuel Urtubey, que se reuni\u00f3 ayer con Macri en Casa Rosada, declin\u00f3 su presencia en el Senado y enviar\u00e1 al plenario a un funcionario de la empresa energ\u00e9tica provincial.<\/p>\n<p>En tanto, el cordob\u00e9s Juan Schiaretti se excus\u00f3 de concurrir por \u201cmotivos de agenda\u201d, pero expuso por escrito su postura en la misiva que envi\u00f3 a la senadora radical In\u00e9s Brizuela y Doria, que preside el plenario como titular de la comisi\u00f3n de Derechos y Garant\u00edas: \u201cbajando el IVA aportamos ese alivio Naci\u00f3n, provincias y municipios\u201d, dijo all\u00ed Schiaretti para proponer una soluci\u00f3n al conflicto. Aunque dej\u00f3 atr\u00e1s su postura inicial al aclarar que plantea la sanci\u00f3n de una ley \u201cporque legislar sobre impuestos es una facultad que le compete al Congreso Nacional\u201d.<\/p>\n<p>Hu\u00e9rfanos de apoyo opositor, los senadores de Cambiemos se reunieron ayer por la tarde-noche con Aranguren en el Palacio Legislativo. El ministro arm\u00f3 a sus legisladores con los argumentos del Gobierno y con eje en el leit motiv del relato oficial: el costo fiscal que significar\u00eda para el Ejecutivo anular los aumentos que decret\u00f3 en los servicios p\u00fablicos esenciales a lo largo de este a\u00f1o.<\/p>\n<p>De todas maneras, el oficialismo contar\u00e1 con aliados para defender el tarifazo en el plenario del Senado: las compa\u00f1\u00edas beneficiadas con los aumentos. Ser\u00e1n de la partida -seg\u00fan el listado que manejaba Cambiemos ayer por la noche\u2013, los representantes de Cammesa (la compa\u00f1\u00eda administradora del mercado mayorista el\u00e9ctrico) y la Asociaci\u00f3n de Distribuidores de Energ\u00eda El\u00e9ctrica de la Rep\u00fablica Argentina (Adeera), que nuclea a todas las distribuidoras provinciales. Tambi\u00e9n los entes reguladores Enre (luz) y Enargas (gas), ahora en manos de ex Ceos de las principales empresas privadas de cada uno de esos sectores energ\u00e9ticos.<\/p>\n<p>Opiniones que no alcanzar\u00edan para intentar revertir la decisi\u00f3n del grueso del arco opositor en el Senado de ponerle freno al tarifazo.<\/p>\n<h6>Fuente: P\u00e1gina 12<\/h6>\n","protected":false},"excerpt":{"rendered":"<p>Pichetto ratific\u00f3 que la oposici\u00f3n buscar\u00e1 sacar dictamen hoy en el Senado al proyecto que ya tiene media sanci\u00f3n de Diputados. Expondr\u00e1n representantes de las compa\u00f1\u00edas energ\u00e9ticas y de los entes reguladores.<\/p>\n","protected":false},"author":2,"featured_media":76888,"comment_status":"closed","ping_status":"closed","sticky":false,"template":"","format":"standard","meta":{"footnotes":""},"categories":[8],"tags":[21],"class_list":["post-76887","post","type-post","status-publish","format-standard","has-post-thumbnail","hentry","category-informe-nacional","tag-argentina"],"_links":{"self":[{"href":"http:\/\/argentinamunicipal.com.ar\/argentina\/wp-json\/wp\/v2\/posts\/76887","targetHints":{"allow":["GET"]}}],"collection":[{"href":"http:\/\/argentinamunicipal.com.ar\/argentina\/wp-json\/wp\/v2\/posts"}],"about":[{"href":"http:\/\/argentinamunicipal.com.ar\/argentina\/wp-json\/wp\/v2\/types\/post"}],"author":[{"embeddable":true,"href":"http:\/\/argentinamunicipal.com.ar\/argentina\/wp-json\/wp\/v2\/users\/2"}],"replies":[{"embeddable":true,"href":"http:\/\/argentinamunicipal.com.ar\/argentina\/wp-json\/wp\/v2\/comments?post=76887"}],"version-history":[{"count":0,"href":"http:\/\/argentinamunicipal.com.ar\/argentina\/wp-json\/wp\/v2\/posts\/76887\/revisions"}],"wp:featuredmedia":[{"embeddable":true,"href":"http:\/\/argentinamunicipal.com.ar\/argentina\/wp-json\/wp\/v2\/media\/76888"}],"wp:attachment":[{"href":"http:\/\/argentinamunicipal.com.ar\/argentina\/wp-json\/wp\/v2\/media?parent=76887"}],"wp:term":[{"taxonomy":"category","embeddable":true,"href":"http:\/\/argentinamunicipal.com.ar\/argentina\/wp-json\/wp\/v2\/categories?post=76887"},{"taxonomy":"post_tag","embeddable":true,"href":"http:\/\/argentinamunicipal.com.ar\/argentina\/wp-json\/wp\/v2\/tags?post=76887"}],"curies":[{"name":"wp","href":"https:\/\/api.w.org\/{rel}","templated":true}]}}