{"id":76912,"date":"2018-05-22T07:43:34","date_gmt":"2018-05-22T10:43:34","guid":{"rendered":"http:\/\/argentinamunicipal.com.ar\/argentina\/?p=76912"},"modified":"2018-05-22T07:43:34","modified_gmt":"2018-05-22T10:43:34","slug":"76912-2","status":"publish","type":"post","link":"http:\/\/argentinamunicipal.com.ar\/argentina\/76912-2\/","title":{"rendered":"Un paro de camioneros contra el aumento en el gasoil paraliza Brasil"},"content":{"rendered":"<p>El presidente de Brasil, Michel Temer, convoc\u00f3 a una reuni\u00f3n de emergencia a sus ministros para tratar la protesta nacional de camioneros contra la disparada del precio de los combustibles. El crecimiento de la econom\u00eda no responde a expectativas del gobierno a cinco meses de las elecciones.<\/p>\n<p>Temer decidi\u00f3 llamar al ministro de Hacienda, Eduardo Guardia, y al titular de Minas y Energ\u00eda, Wellington Moreira Franco, para elaborar una respuesta a la demanda de los camioneros y al alza del costo de los combustibles.<\/p>\n<p>La situaci\u00f3n es insostenible plante\u00f3 el titular de la Asociaci\u00f3n Brasile\u00f1a de Camioneros (ABCAM), Jos\u00e9 da Fonseca Lopes.<\/p>\n<p>\u00abEstamos preparados para parar este pa\u00eds por cinco d\u00edas\u00bb, anunci\u00f3 Fonseca Lopes, cuya organizaci\u00f3n y la Confederaci\u00f3n Nacional de Transportistas Aut\u00f3nomos (CNTA), hoy bloquearon carreteras en al menos 15 estados.<\/p>\n<p>La coyuntura econ\u00f3mica preocupa al presidente Temer, que ya se reuni\u00f3 el domingo con los jefes de las carteras de Hacienda y Energ\u00eda.<\/p>\n<p>El descontento de los transportistas amenaza causar desabastecimiento en momentos en los que la econom\u00eda no se recuper\u00f3 como esperaba el Palacio del Planalto, que a principios del a\u00f1o anunci\u00f3 una expansi\u00f3n del 3 por ciento.<\/p>\n<p>Ayer el Bolet\u00edn Focus, del Banco Central, redujo su proyecci\u00f3n de crecimiento del Producto Bruto al 2,5 por ciento, en la tercera baja consecutiva de sus previsiones . Temer, precandidato a presidencial por el Movimiento Democr\u00e1tico Brasile\u00f1o (MDB), ha hecho de la gesti\u00f3n econ\u00f3mica su bandera para una eventual campa\u00f1a con miras a los comicios del 7 de octubre.<\/p>\n<p>Si Temer, que cuenta con el 0,9 por ciento de intenciones de voto, finalmente desiste de ser candidato por el MDB, ese lugar lo ocupar\u00e1 Henrique Meirelles, que fue ministro de Hacienda hasta el mes pasado.<\/p>\n<p>Meirelles tambi\u00e9n necesita de buenos resultados econ\u00f3micos para sostener su eventual postulaci\u00f3n.<\/p>\n<p>Pero la pol\u00edtica de precios adoptada por el presidente de Petrobras, Pedro Parente, no contribuye a mejorar el paisaje econ\u00f3mico.<\/p>\n<p>La petrolera estatal aument\u00f3 cinco veces consecutivas el costo de los combustibles la semana pasada desatando las protestas espont\u00e1neas de los consumidores y el plan de lucha iniciado hoy por ABCAM y CNTA.<\/p>\n<p>La compa\u00f1\u00eda petrolera anunci\u00f3 otro aumento de precios para este martes.<\/p>\n<p>Desde julio de 2017 el precio del diesel se increment\u00f3 en un 58 por ciento mientras la inflaci\u00f3n acumulada hasta abril de este a\u00f1o fue del 2,58 por ciento.<\/p>\n<p>La disparada del valor de los combustibles sumada a la incertidumbre que llega de la econom\u00eda global, no s\u00f3lo preocupan a Temer. Los titulares de la C\u00e1mara de Diputados, Rodrigo Maia, y del Senado, Eunicio Oliveira, convocaron a una comisi\u00f3n especial que tratar\u00e1 el precio de los combustibles junto a las autoridades de Petrobras.<\/p>\n<p>Frente al Congreso, en el centro de Brasilia, hoy hubo una movilizaci\u00f3n de camioneros que adhirieron a las protestas que se realizaron en los estados m\u00e1s importantes del pa\u00eds como San Pablo y R\u00edo de Janeiro.<\/p>\n<p>Camiones transitaron a baja velocidad en la ma\u00f1ana de este lunes en las avenidas Marginal Pinheiros y Marginal Tiete, causando un embotellamiento de m\u00e1s de 100 kil\u00f3metros en la ciudad de San Pablo.<\/p>\n<p>Hubo bloqueos parciales cerca del ingreso al puerto de Santos y en otros puntos del interior de San Pablo, el estado m\u00e1s rico y poblado del pa\u00eds.<\/p>\n<p>Tambi\u00e9n se estacionaron decenas de camiones en varios puntos de la autopista Presidente Dutra que une a San Pablo con R\u00edo de Janeiro.<\/p>\n<p>En el estado de R\u00edo de Janeiro los transportistas obstruyeron la carretera que comunica a la capital con la ciudad de Niteroi, y una carretera que lleva a la ciudad de Campos, un importante polo petrolero.<\/p>\n<p>Adem\u00e1s se realizaron bloqueos en los estados de Bahia, el m\u00e1s importante del nordeste, R\u00edo Grande do Sul, el principal de la zona sur y en otras diez provincias.<\/p>\n<h6>Fuente: Tucum\u00e1n Hoy<\/h6>\n","protected":false},"excerpt":{"rendered":"<p>El presidente de Brasil, Michel Temer, convoc\u00f3 a una reuni\u00f3n de emergencia a sus ministros para tratar la protesta nacional de camioneros contra la disparada del precio de los combustibles.<\/p>\n","protected":false},"author":2,"featured_media":76913,"comment_status":"closed","ping_status":"closed","sticky":false,"template":"","format":"standard","meta":{"footnotes":""},"categories":[22],"tags":[57],"class_list":["post-76912","post","type-post","status-publish","format-standard","has-post-thumbnail","hentry","category-el-mundo","tag-el-mundo"],"_links":{"self":[{"href":"http:\/\/argentinamunicipal.com.ar\/argentina\/wp-json\/wp\/v2\/posts\/76912","targetHints":{"allow":["GET"]}}],"collection":[{"href":"http:\/\/argentinamunicipal.com.ar\/argentina\/wp-json\/wp\/v2\/posts"}],"about":[{"href":"http:\/\/argentinamunicipal.com.ar\/argentina\/wp-json\/wp\/v2\/types\/post"}],"author":[{"embeddable":true,"href":"http:\/\/argentinamunicipal.com.ar\/argentina\/wp-json\/wp\/v2\/users\/2"}],"replies":[{"embeddable":true,"href":"http:\/\/argentinamunicipal.com.ar\/argentina\/wp-json\/wp\/v2\/comments?post=76912"}],"version-history":[{"count":0,"href":"http:\/\/argentinamunicipal.com.ar\/argentina\/wp-json\/wp\/v2\/posts\/76912\/revisions"}],"wp:featuredmedia":[{"embeddable":true,"href":"http:\/\/argentinamunicipal.com.ar\/argentina\/wp-json\/wp\/v2\/media\/76913"}],"wp:attachment":[{"href":"http:\/\/argentinamunicipal.com.ar\/argentina\/wp-json\/wp\/v2\/media?parent=76912"}],"wp:term":[{"taxonomy":"category","embeddable":true,"href":"http:\/\/argentinamunicipal.com.ar\/argentina\/wp-json\/wp\/v2\/categories?post=76912"},{"taxonomy":"post_tag","embeddable":true,"href":"http:\/\/argentinamunicipal.com.ar\/argentina\/wp-json\/wp\/v2\/tags?post=76912"}],"curies":[{"name":"wp","href":"https:\/\/api.w.org\/{rel}","templated":true}]}}