{"id":76921,"date":"2018-05-22T05:59:39","date_gmt":"2018-05-22T08:59:39","guid":{"rendered":"http:\/\/argentinamunicipal.com.ar\/argentina\/?p=76921"},"modified":"2018-05-22T08:02:19","modified_gmt":"2018-05-22T11:02:19","slug":"proponen-en-rosario-una-noche-de-velas-en-protesta-por-las-tarifas-de-luz","status":"publish","type":"post","link":"http:\/\/argentinamunicipal.com.ar\/argentina\/proponen-en-rosario-una-noche-de-velas-en-protesta-por-las-tarifas-de-luz\/","title":{"rendered":"Proponen en Rosario una \u00abnoche de velas\u00bb en protesta por las tarifas de luz"},"content":{"rendered":"<p>Responsables de los principales restaurantes de los corredores Pichincha, Paseo Pellegrini y Puerto Norte impulsan esta medida de reclamo.<\/p>\n<p>Empresarios de los principales corredores gastron\u00f3micos de la ciudad convocan a una medida de protesta por las tarifas de la Empresa Provincial de la Energ\u00eda (EPE). La deterinaci\u00f3n se implementar\u00e1 ma\u00f1ana, desde las 20, bajo el hashtag #nochedevelas. Y ser\u00e1 protagonizada por los responsables de los negocios de Pichincha, el Paseo Pellegrini y tambi\u00e9n de Puerto Norte.<\/p>\n<p>Pretende transformarse en una contundente expresi\u00f3n de reclamo por los incrementos acumulados en el servicio de energ\u00eda. La movida se desarrollar\u00e1 bajo el nombre \u00abNoche de velas\u00bb, y en este gesto los empresarios gastron\u00f3micos invitan a apagar las luces de los bares y restaurantes de toda la provincia.<\/p>\n<p>La protesta, se\u00f1alaron ayer los empresarios de estos tres corredores gastron\u00f3micos, \u00abpretende visibilizar de manera pac\u00edfica y simb\u00f3lica las consecuencias de la tarifa de energ\u00eda m\u00e1s cara del pa\u00eds\u00bb.<\/p>\n<p>De la misma manera, remarcaron que la protesta \u00absurge tras un nuevo incremento aproximado del 30 por ciento en el \u00faltimo bimestre, con un acumulado cercano al 300 por ciento del 2016 a la fecha, con facturas que en algunos casos superaron los 200.000 pesos\u00bb.<\/p>\n<p>Estos valores de los costos de la energ\u00eda el\u00e9ctrica, seg\u00fan el an\u00e1lisis y la visi\u00f3n de los organizadores \u00abinhiben la generaci\u00f3n de nuevos empleos, y tambi\u00e9n ponen en riesgo la subsistencia de muchas empresas\u00bb.<\/p>\n<p>En ese marco de angustia e incertidumbre econ\u00f3mica, los empresarios convocantes destacan que el \u00abapag\u00f3n\u00bb ser\u00e1 solo en \u00e1reas de servicio, y no as\u00ed dentro de las zonas de cocci\u00f3n, ba\u00f1os, o todo aquel espacio en el que se pongan en riesgos cuestiones de seguridad e higiene.<\/p>\n<p>Solicitan revisi\u00f3n<\/p>\n<p>A su vez, reclaman que se revean los componentes impositivos de origen municipal y tambi\u00e9n de car\u00e1cter provincial, y todo aquello \u00abque redunde en un mayor valor tarifario\u00bb.<\/p>\n<p>En ese mismo sentido, los comerciantes locales afectados por el cuadro tarifario energ\u00e9tico sugieren que se analicen otro tipo de propuestas como las generadas en la ciudad de Santa Fe, en relaci\u00f3n a la quita de la cuota de alumbrado p\u00fablico, que se estima disminuir\u00e1 hasta un 15 por ciento la facturaci\u00f3n final (ver p\u00e1gina 6).<\/p>\n<p>Esta iniciativa no hace otra cosa que exponer el grado de malestar que gobierna a todos los responsables de los negocios gastron\u00f3micos m\u00e1s importantes de los corredores Pichincha, Paseo Pellegrini, y Puerto Norte.<\/p>\n<h6>Fuente: La Capital<\/h6>\n","protected":false},"excerpt":{"rendered":"<p>Responsables de los principales restaurantes de los corredores Pichincha, Paseo Pellegrini y Puerto Norte impulsan esta medida de reclamo.<\/p>\n","protected":false},"author":2,"featured_media":76922,"comment_status":"closed","ping_status":"closed","sticky":false,"template":"","format":"standard","meta":{"footnotes":""},"categories":[2],"tags":[10],"class_list":["post-76921","post","type-post","status-publish","format-standard","has-post-thumbnail","hentry","category-informe-municipal","tag-santa-fe"],"_links":{"self":[{"href":"http:\/\/argentinamunicipal.com.ar\/argentina\/wp-json\/wp\/v2\/posts\/76921","targetHints":{"allow":["GET"]}}],"collection":[{"href":"http:\/\/argentinamunicipal.com.ar\/argentina\/wp-json\/wp\/v2\/posts"}],"about":[{"href":"http:\/\/argentinamunicipal.com.ar\/argentina\/wp-json\/wp\/v2\/types\/post"}],"author":[{"embeddable":true,"href":"http:\/\/argentinamunicipal.com.ar\/argentina\/wp-json\/wp\/v2\/users\/2"}],"replies":[{"embeddable":true,"href":"http:\/\/argentinamunicipal.com.ar\/argentina\/wp-json\/wp\/v2\/comments?post=76921"}],"version-history":[{"count":0,"href":"http:\/\/argentinamunicipal.com.ar\/argentina\/wp-json\/wp\/v2\/posts\/76921\/revisions"}],"wp:featuredmedia":[{"embeddable":true,"href":"http:\/\/argentinamunicipal.com.ar\/argentina\/wp-json\/wp\/v2\/media\/76922"}],"wp:attachment":[{"href":"http:\/\/argentinamunicipal.com.ar\/argentina\/wp-json\/wp\/v2\/media?parent=76921"}],"wp:term":[{"taxonomy":"category","embeddable":true,"href":"http:\/\/argentinamunicipal.com.ar\/argentina\/wp-json\/wp\/v2\/categories?post=76921"},{"taxonomy":"post_tag","embeddable":true,"href":"http:\/\/argentinamunicipal.com.ar\/argentina\/wp-json\/wp\/v2\/tags?post=76921"}],"curies":[{"name":"wp","href":"https:\/\/api.w.org\/{rel}","templated":true}]}}