{"id":76927,"date":"2018-05-22T08:07:53","date_gmt":"2018-05-22T11:07:53","guid":{"rendered":"http:\/\/argentinamunicipal.com.ar\/argentina\/?p=76927"},"modified":"2018-05-22T08:07:53","modified_gmt":"2018-05-22T11:07:53","slug":"paraguay-mudo-su-embajada","status":"publish","type":"post","link":"http:\/\/argentinamunicipal.com.ar\/argentina\/paraguay-mudo-su-embajada\/","title":{"rendered":"Paraguay mud\u00f3 su embajada"},"content":{"rendered":"<p>El presidente de Paraguay, Horacio Cartes, inaugur\u00f3 ayer la embajada en Jerusal\u00e9n de su pa\u00eds, el tercero en hacer efectiva la controvertida decisi\u00f3n que encabez\u00f3 Estados Unidos la semana pasada y que fue seguida por Guatemala, gesto que el primer ministro israel\u00ed, Benjamin Netanyahu, agradeci\u00f3 calurosamente (foto de Netanyahu con Cartes).<\/p>\n<p>La reacci\u00f3n no tard\u00f3 en llegar y ayer mismo el secretario general de la Organizaci\u00f3n para la Liberaci\u00f3n de Palestina (OLP), Saeb Erekat, trat\u00f3 al mandatario paraguayo de \u201cl\u00edder irresponsable\u201d y adelant\u00f3 que tomar\u00e1 \u201cmedidas diplom\u00e1ticas\u201d. Para Cartes, la decisi\u00f3n de trasladar su embajada a la ciudad santa \u201cconcreta otro acontecimiento hist\u00f3rico en nuestros vigorosos lazos de amistad, que coincide con la conmemoraci\u00f3n de la creaci\u00f3n del Estado de Israel, que mi pa\u00eds acompa\u00f1\u00f3 en las Naciones Unidas, decidida y decisivamente, hace 70 a\u00f1os\u201d. Para el l\u00edder palestino, este gesto desaf\u00eda \u201cel derecho internacional y el logro de una paz justa y duradera en Medio Oriente\u201d.<\/p>\n<h6>Fuente: P\u00e1gina 12<\/h6>\n","protected":false},"excerpt":{"rendered":"<p>El presidente de Paraguay, Horacio Cartes, inaugur\u00f3 ayer la embajada en Jerusal\u00e9n de su pa\u00eds, el tercero en hacer efectiva la controvertida decisi\u00f3n que encabez\u00f3 Estados Unidos la semana pasada <\/p>\n","protected":false},"author":2,"featured_media":76928,"comment_status":"closed","ping_status":"closed","sticky":false,"template":"","format":"standard","meta":{"footnotes":""},"categories":[22],"tags":[57],"class_list":["post-76927","post","type-post","status-publish","format-standard","has-post-thumbnail","hentry","category-el-mundo","tag-el-mundo"],"_links":{"self":[{"href":"http:\/\/argentinamunicipal.com.ar\/argentina\/wp-json\/wp\/v2\/posts\/76927","targetHints":{"allow":["GET"]}}],"collection":[{"href":"http:\/\/argentinamunicipal.com.ar\/argentina\/wp-json\/wp\/v2\/posts"}],"about":[{"href":"http:\/\/argentinamunicipal.com.ar\/argentina\/wp-json\/wp\/v2\/types\/post"}],"author":[{"embeddable":true,"href":"http:\/\/argentinamunicipal.com.ar\/argentina\/wp-json\/wp\/v2\/users\/2"}],"replies":[{"embeddable":true,"href":"http:\/\/argentinamunicipal.com.ar\/argentina\/wp-json\/wp\/v2\/comments?post=76927"}],"version-history":[{"count":0,"href":"http:\/\/argentinamunicipal.com.ar\/argentina\/wp-json\/wp\/v2\/posts\/76927\/revisions"}],"wp:featuredmedia":[{"embeddable":true,"href":"http:\/\/argentinamunicipal.com.ar\/argentina\/wp-json\/wp\/v2\/media\/76928"}],"wp:attachment":[{"href":"http:\/\/argentinamunicipal.com.ar\/argentina\/wp-json\/wp\/v2\/media?parent=76927"}],"wp:term":[{"taxonomy":"category","embeddable":true,"href":"http:\/\/argentinamunicipal.com.ar\/argentina\/wp-json\/wp\/v2\/categories?post=76927"},{"taxonomy":"post_tag","embeddable":true,"href":"http:\/\/argentinamunicipal.com.ar\/argentina\/wp-json\/wp\/v2\/tags?post=76927"}],"curies":[{"name":"wp","href":"https:\/\/api.w.org\/{rel}","templated":true}]}}