{"id":76954,"date":"2018-05-23T07:06:51","date_gmt":"2018-05-23T10:06:51","guid":{"rendered":"http:\/\/argentinamunicipal.com.ar\/argentina\/?p=76954"},"modified":"2018-05-23T07:06:51","modified_gmt":"2018-05-23T10:06:51","slug":"76954-2","status":"publish","type":"post","link":"http:\/\/argentinamunicipal.com.ar\/argentina\/76954-2\/","title":{"rendered":"Como hace 30 a\u00f1os, docentes de todo el pa\u00eds paran y marchan a Plaza de Mayo por una paritaria nacional"},"content":{"rendered":"<p>Ser\u00e1 en medio de un conflicto que el Gobierno elige ignorar y mientras la Ciudad cerca la Plaza de Mayo con rejas permanentes.<\/p>\n<p>La consigna es la misma que hace tres d\u00e9cadas:\u00a0\u00abParitaria nacional docente\u00bb. Con esa bandera, docentes de toda la Argentina confluir\u00e1n hoy en una irreconocible y vallada\u00a0Plaza de Mayo\u00a0para reclamarle al gobierno nacional lo que este elige ignorar y despreciar.<\/p>\n<p>La segunda\u00a0Marcha Federal Docente\u00a0se produce, adem\u00e1s, en medio de un clima de tensi\u00f3n m\u00e1xima entre el gobierno bonaerense y los maestros, a quienes se los amenaza con m\u00e1s descuentos y sanciones por ejercer su derecho de huelga.<\/p>\n<p>Al respecto,\u00a0la titular de Ctera nacional, Sonia Alesso, apunt\u00f3 que no solo se trata de un reclamo de paritaria. \u00abTambi\u00e9n marchamos por m\u00e1s presupuesto y para defender nuestra jubilaci\u00f3n\u00bb, dispar\u00f3.<\/p>\n<p>Miles de kil\u00f3metros recorrieron a su vez miles y miles de maestros que esperan encontrarse en la tambi\u00e9n Plaza de las Madres con sus colegas, que vienen soportando paritarias a la baja y constantes intentos de ajuste y adoctrinamiento por parte de los gobiernos locales y, por supuesto, desde la\u00a0Casa Rosada.<\/p>\n<p>Alesso a su ves remarc\u00f3 que otro de los puntos centrales de la protesta es que se resuelvan uno a uno los conflctos del sector en las provincias (derivados de la negativa oficial a discutir una \u00fanica paritaria) y que se trabaje en una nueva ley de financiamiento educativo. \u00abLa inversi\u00f3n del 6 por ciento en educaci\u00f3n el Gobierno la est\u00e1 incumpliendo\u201d, denunci\u00f3 la dirigente.<\/p>\n<p>En tanto, el pol\u00e9mico proyecto de UniCaba para la Ciudad, que exterminar\u00eda los institutos de formaci\u00f3n docente, tambi\u00e9n est\u00e1 en el foco del debate, ya que una aprobaci\u00f3n en el distrito porte\u00f1o derivar\u00eda en una ca\u00edda de fichas de domin\u00f3 que terminar\u00eda por arrasar con la formaci\u00f3n docente en todas las provincias.<\/p>\n<p>En di\u00e1logo con la FM Astral, de C\u00f3rdoba, Alesso se refiri\u00f3 tambi\u00e9n al regreso del pa\u00eds al Fondo Monetario: \u201cCada vez que el FMI tuvo actuaci\u00f3n a nuestro pa\u00eds se vieron afectados el presupuesto educativo y nuestras jubilaciones. Cada vez que aumentan los intereses de la deuda, baja la inversi\u00f3n en educaci\u00f3n\u201d, indic\u00f3.<\/p>\n<p>\u00abEst\u00e1 marcha se realiza a 30 a\u00f1os de la Marcha Blanca, que exig\u00eda #ParitariaNacionalDocente y presupuesto educativo. A 30 a\u00f1os de eso, los maestros volvemos a reclamar lo mismo\u00bb, puntualiz\u00f3 Alesso.<\/p>\n<h6>Fuente: InfoNews<\/h6>\n","protected":false},"excerpt":{"rendered":"<p>Ser\u00e1 en medio de un conflicto que el Gobierno elige ignorar y mientras la Ciudad cerca la Plaza de Mayo con rejas permanentes.\u00a0<\/p>\n","protected":false},"author":2,"featured_media":76955,"comment_status":"closed","ping_status":"closed","sticky":false,"template":"","format":"standard","meta":{"footnotes":""},"categories":[8],"tags":[21],"class_list":["post-76954","post","type-post","status-publish","format-standard","has-post-thumbnail","hentry","category-informe-nacional","tag-argentina"],"_links":{"self":[{"href":"http:\/\/argentinamunicipal.com.ar\/argentina\/wp-json\/wp\/v2\/posts\/76954","targetHints":{"allow":["GET"]}}],"collection":[{"href":"http:\/\/argentinamunicipal.com.ar\/argentina\/wp-json\/wp\/v2\/posts"}],"about":[{"href":"http:\/\/argentinamunicipal.com.ar\/argentina\/wp-json\/wp\/v2\/types\/post"}],"author":[{"embeddable":true,"href":"http:\/\/argentinamunicipal.com.ar\/argentina\/wp-json\/wp\/v2\/users\/2"}],"replies":[{"embeddable":true,"href":"http:\/\/argentinamunicipal.com.ar\/argentina\/wp-json\/wp\/v2\/comments?post=76954"}],"version-history":[{"count":0,"href":"http:\/\/argentinamunicipal.com.ar\/argentina\/wp-json\/wp\/v2\/posts\/76954\/revisions"}],"wp:featuredmedia":[{"embeddable":true,"href":"http:\/\/argentinamunicipal.com.ar\/argentina\/wp-json\/wp\/v2\/media\/76955"}],"wp:attachment":[{"href":"http:\/\/argentinamunicipal.com.ar\/argentina\/wp-json\/wp\/v2\/media?parent=76954"}],"wp:term":[{"taxonomy":"category","embeddable":true,"href":"http:\/\/argentinamunicipal.com.ar\/argentina\/wp-json\/wp\/v2\/categories?post=76954"},{"taxonomy":"post_tag","embeddable":true,"href":"http:\/\/argentinamunicipal.com.ar\/argentina\/wp-json\/wp\/v2\/tags?post=76954"}],"curies":[{"name":"wp","href":"https:\/\/api.w.org\/{rel}","templated":true}]}}