{"id":76957,"date":"2018-05-23T06:13:13","date_gmt":"2018-05-23T09:13:13","guid":{"rendered":"http:\/\/argentinamunicipal.com.ar\/argentina\/?p=76957"},"modified":"2018-05-23T07:15:14","modified_gmt":"2018-05-23T10:15:14","slug":"la-tasa-de-interes-sigue-por-las-nubes","status":"publish","type":"post","link":"http:\/\/argentinamunicipal.com.ar\/argentina\/la-tasa-de-interes-sigue-por-las-nubes\/","title":{"rendered":"La tasa de inter\u00e9s sigue por las nubes"},"content":{"rendered":"<p>Federico Sturzenegger, titular del Banco Central, justifica mantener tasas alt\u00edsimas porque la devaluaci\u00f3n se traslada a precios, cuando hasta la \u00faltima corrida aseguraba que el alza del tipo de cambio no era inflacionario.<\/p>\n<p>El Banco Central mantuvo ayer la tasa de inter\u00e9s de referencia en 40 por ciento. \u201cSe considera que la tasa debe sostenerse en niveles elevados para contener el traslado a los precios de la depreciaci\u00f3n del peso\u201d, dijo el organismo a trav\u00e9s de un comunicado. Agreg\u00f3 que \u201cla autoridad monetaria, mirando hacia adelante, considera que al ubicarse la inflaci\u00f3n por encima de lo proyecto en lo que va de 2018 y al enfrentarse a un escenario de mayor inestabilidad de los mercados emergentes, se requiere para el futuro pr\u00f3ximo un nivel de tasas reales significativamente mayor al observado antes de los \u00faltimos cambios (finales de abril)\u201d.<\/p>\n<p>El nivel de tasas es mayor al que fijo a finales de 2015 (38 por ciento), cuando asegur\u00f3 que era el camino indicado para bajar la inflaci\u00f3n. La entidad en ese momento proyect\u00f3 que iba tener precios debajo del 15 por ciento para este a\u00f1o, pero la realidad fue bien diferente. La inflaci\u00f3n se ubica por encima del 25.<\/p>\n<p>La respuesta a la tensi\u00f3n generada por las Lebac en los \u00faltimos dos meses fue m\u00e1s tasa de inter\u00e9s y fijar el tipo de cambio en 25 pesos. La pol\u00edtica es muy diferente respecto de la que defend\u00eda el Central a comienzo de marzo, cuando comenz\u00f3 a intervenir en la plaza cambiaria vendiendo reservas. La entidad mencionaba hasta ese momento en sus comunicados de pol\u00edtica monetaria que una tasa del 27 por ciento y un esquema de tipo de cambio flexible eran suficientes para cumplir con las meta de inflaci\u00f3n. Ahora el Central modific\u00f3 ese discurso y asegura que el objetivo de precios para 2018 s\u00f3lo se lograr\u00e1 con niveles de tasa del 40 por ciento. \u201cEl Banco Central conducir\u00e1 su pol\u00edtica monetaria para alcanzar la meta del 15 por ciento en 2018\u201d, desafi\u00f3 la entidad. Los consultores del mercado calculan la inflaci\u00f3n por encima del 25 por ciento para este a\u00f1o.<\/p>\n<p>El comunicado de pol\u00edtica monetaria cuenta con un apartado de estad\u00edsticas de precios, en el que se describe la evoluci\u00f3n de la inflaci\u00f3n minorista pero tambi\u00e9n de mayoristas y otros datos. Uno de los que sorprende es el nivel de inflaci\u00f3n mayorista, la cual en abril anot\u00f3 un incremento del 29,2 por ciento interanual, cuando en noviembre del a\u00f1o pasado la cifra era de 17,7 por ciento. La aceleraci\u00f3n de estos precios fue notable, de casi 12 puntos porcentuales. El Central, sin embargo, mantiene firme su diagn\u00f3stico de que la inflaci\u00f3n se desa- celera y que las subas de los \u00faltimos meses tienen elementos transitorios. Economistas de distintas corrientes aseguran que lo \u00fanico que puede ayudar a contener los precios para la segunda mitad de este a\u00f1o es el freno de la econom\u00eda en el mercado interno, lo que se potenciar\u00eda por el ajuste del gasto p\u00fablico, la tasa en niveles elevad\u00edsimos y la mayor volatilidad.<\/p>\n<p>En lo que refiere al d\u00f3lar, la cotizaci\u00f3n minorista cerr\u00f3 ayer en 24,86 pesos, con una baja de 7 centavos. En d\u00f3lar mayorista se ubic\u00f3 en 24,28 pesos, al retroceder en cinco centavos, y registrarse oferta de divisas privadas. El mercado movi\u00f3 un volumen de 870 millones de d\u00f3lares, con una suba de 48 por ciento en relaci\u00f3n con el lunes. Las tasas de 40 por ciento y la oferta fija del Banco Central de 5000 millones de d\u00f3lares para ponerle un techo al mercado frenaron provisoriamente las presiones con el d\u00f3lar. El problema es que los elementos que la generaron no desaparecieron sino que se potenciaron.<\/p>\n<p>En la pr\u00f3xima licitaci\u00f3n de Lebac, el 19 de junio, deber\u00e1n renovarse unos 626 mil millones de pesos y en el mercado aseguran que el organismo a cargo de Federico Sturzenegger ya estudia alternativas para limitar la carga de los vencimientos. Las reservas del Central se ubicaron en 54.261 millones, al caer 13 millones.<\/p>\n<p>La bolsa porte\u00f1a, pese a la mayor estabilidad del d\u00f3lar, registr\u00f3 ayer una ca\u00edda del 2 por ciento, en donde se destacaron las p\u00e9rdidas de los bancos y de las gas\u00edferas. Metrogas marc\u00f3 una merma del 6,7 por ciento y Transportadora Gas del Sur un retroceso del 4,7 por ciento. Se subray\u00f3 adem\u00e1s la baja del 8,1 por ciento del Supervielle y del 2,5 por ciento del Galicia.<\/p>\n<h6>Fuente: P\u00e1gina 12<\/h6>\n","protected":false},"excerpt":{"rendered":"<p>Federico Sturzenegger, titular del Banco Central, justifica mantener tasas alt\u00edsimas porque la devaluaci\u00f3n se traslada a precios, cuando hasta la \u00faltima corrida aseguraba que el alza del tipo de cambio no era inflacionario.<\/p>\n","protected":false},"author":2,"featured_media":76958,"comment_status":"closed","ping_status":"closed","sticky":false,"template":"","format":"standard","meta":{"footnotes":""},"categories":[8],"tags":[21],"class_list":["post-76957","post","type-post","status-publish","format-standard","has-post-thumbnail","hentry","category-informe-nacional","tag-argentina"],"_links":{"self":[{"href":"http:\/\/argentinamunicipal.com.ar\/argentina\/wp-json\/wp\/v2\/posts\/76957","targetHints":{"allow":["GET"]}}],"collection":[{"href":"http:\/\/argentinamunicipal.com.ar\/argentina\/wp-json\/wp\/v2\/posts"}],"about":[{"href":"http:\/\/argentinamunicipal.com.ar\/argentina\/wp-json\/wp\/v2\/types\/post"}],"author":[{"embeddable":true,"href":"http:\/\/argentinamunicipal.com.ar\/argentina\/wp-json\/wp\/v2\/users\/2"}],"replies":[{"embeddable":true,"href":"http:\/\/argentinamunicipal.com.ar\/argentina\/wp-json\/wp\/v2\/comments?post=76957"}],"version-history":[{"count":0,"href":"http:\/\/argentinamunicipal.com.ar\/argentina\/wp-json\/wp\/v2\/posts\/76957\/revisions"}],"wp:featuredmedia":[{"embeddable":true,"href":"http:\/\/argentinamunicipal.com.ar\/argentina\/wp-json\/wp\/v2\/media\/76958"}],"wp:attachment":[{"href":"http:\/\/argentinamunicipal.com.ar\/argentina\/wp-json\/wp\/v2\/media?parent=76957"}],"wp:term":[{"taxonomy":"category","embeddable":true,"href":"http:\/\/argentinamunicipal.com.ar\/argentina\/wp-json\/wp\/v2\/categories?post=76957"},{"taxonomy":"post_tag","embeddable":true,"href":"http:\/\/argentinamunicipal.com.ar\/argentina\/wp-json\/wp\/v2\/tags?post=76957"}],"curies":[{"name":"wp","href":"https:\/\/api.w.org\/{rel}","templated":true}]}}