{"id":76973,"date":"2018-05-23T07:36:34","date_gmt":"2018-05-23T10:36:34","guid":{"rendered":"http:\/\/argentinamunicipal.com.ar\/argentina\/?p=76973"},"modified":"2018-05-23T07:36:34","modified_gmt":"2018-05-23T10:36:34","slug":"una-multitud-recibio-en-rosario-a-la-marcha-federal-educativa","status":"publish","type":"post","link":"http:\/\/argentinamunicipal.com.ar\/argentina\/una-multitud-recibio-en-rosario-a-la-marcha-federal-educativa\/","title":{"rendered":"Una multitud recibi\u00f3 en Rosario a la marcha federal educativa"},"content":{"rendered":"<p>La protesta nacional convocada por el gremio docente cierra hoy en Buenos Aires. Diez mil personas acompa\u00f1aron el paso de la columna NEA.<\/p>\n<p>Con un fuerte llamado a la unidad de los trabajadores, la columna NEA de la marcha federal educativa realiz\u00f3 en Rosario su \u00faltima parada antes de la concentraci\u00f3n que los maestros de todo el pa\u00eds realizar\u00e1n hoy en Buenos Aires. Cerca de 10 mil personas marcharon hasta la plaza Montenegro. Convocada por la Confederaci\u00f3n de los Trabajadores de la Educaci\u00f3n de la Rep\u00fablica Argentina (Ctera), la nueva protesta nacional se realiza en apoyo de la reapertura de la paritaria nacional docente, la ley de financiamiento educativo, el rechazo al cierre de los institutos de formaci\u00f3n y el repudio al acuerdo que el gobierno nacional quiere cerrar con el Fondo Monetario Internacional (FMI).<\/p>\n<p>Seguros de que en la negociaci\u00f3n con el Fondo el gobierno busca un paraguas pol\u00edtico para avanzar con nuevos recortes presupuestarios y de salarios en el sector p\u00fablico y privado, un amplio conjunto de gremios convocados para el acto expresaron su rechazo al regreso de los programas de ese organismo. Y, en ese sentido, convocaron a \u201cconstruir unidad\u201d para dar una batalla que promete ser frontal. Pocas horas antes, el gobierno porte\u00f1o arremet\u00eda contra los metrodelegados. En el palco de ayer estuvieron presentes representantes del sindicato de obreros aceiteros de Rosario, que mantienen un acampe de hace 45 d\u00edas para luchar contra los despidos de la multinacional Cargill.<\/p>\n<p>\u201cCientos de marchas, paros y acciones de protesta en todas las provincias del pa\u00eds van convergiendo hacia un gran paro nacional\u201d, enfatiz\u00f3 la secretaria general de Ctera, Sonia Alesso, al tiempo que convoc\u00f3 a \u201cconstruir la hegemon\u00eda necesaria para enfrentar este modelo de ajuste\u201d.<\/p>\n<p>La dirigente santafesina apel\u00f3 a la clase trabajadora, a la comunidad educativa, a las organizaciones del campo popular, a los sindicatos, \u201cgenerosidad y grandeza\u201d para unirse y enfrentar una nueva ofensiva contra los derechos laborales.<\/p>\n<p>Las hist\u00f3ricas divisiones del movimiento sindical, incluidas las del gremio docente, quedaron en un segundo plano, al menos en el acto de ayer. Gustavo Teres, secretario general de Amsaf\u00e9 Rosario, fue uno de los oradores. \u201cVamos a una lucha larga, divididos nos van a ganar\u201d, dijo antes de plantear la necesidad de \u201creabrir las paritarias en todas las provincias\u201d.<\/p>\n<p>Jos\u00e9 Testoni, secretario general de CTA-T de Santa Fe, asegur\u00f3 que \u201choy el debate ya no es encontrar las coincidencias, que las hay muchas, sino c\u00f3mo se construye la unidad para defender las conquistas laborales que el gobierno de Mauricio Macri quiere derribar\u201d.<\/p>\n<p>Alberto Botto, secretario general de Luz y Fuerza y del Movimiento Sindical Rosario (MSR), tambi\u00e9n llam\u00f3 a sumar esfuerzos y advirti\u00f3: \u201cNo vamos a abandonar la calle hasta derrotar este modelo\u201d.<\/p>\n<p>Mart\u00edn Lucero, titular del gremio de los docentes privados (Sadop), dispar\u00f3 contra la pol\u00edtica econ\u00f3mica nacional. \u201cEl gobierno nos quiere convencer de que todo peso que va al pueblo es d\u00e9ficit fiscal y todo derecho social que se ejerce es una ficci\u00f3n, mientras tanto los salarios bajan y la \u00fanica paritaria que sube es la de la tasa de las Lebac\u201d, denunci\u00f3.<\/p>\n<p>En el camino de la unidad de la clase, el palco se abri\u00f3 para Sergio D\u00edaz, del Sindicato de Aceiteros de Rosario, que cont\u00f3 la lucha que vienen llevando adelante los obreros de Cargill para reincorporar a 33 trabajadores. \u201cQuieren aplicar de hecho la reforma laboral que impulsa el gobierno\u201d, se quej\u00f3.<\/p>\n<p>Carlos Cuevas, de Chaco, y Fernando Ram\u00edrez, de Corrientes, abrieron el acto, mientras una gruesa columna (docentes, estatales, las dos CTA, movimientos sociales, lucifuercistas, telef\u00f3nicos, prensa, aceiteros, centros de estudiantes, etc.) ingresaba a la plaza. Coincidieron en gritar: \u201cNi un paso atr\u00e1s\u201d. Los organizadores tambi\u00e9n convocaron a participar del acto del viernes co-ntra el FMI.<\/p>\n<h6>Fuetne: Sin Mordaza<\/h6>\n","protected":false},"excerpt":{"rendered":"<p>La protesta nacional convocada por el gremio docente cierra hoy en Buenos Aires. Diez mil personas acompa\u00f1aron el paso de la columna NEA.<\/p>\n","protected":false},"author":2,"featured_media":76974,"comment_status":"closed","ping_status":"closed","sticky":false,"template":"","format":"standard","meta":{"footnotes":""},"categories":[2],"tags":[10],"class_list":["post-76973","post","type-post","status-publish","format-standard","has-post-thumbnail","hentry","category-informe-municipal","tag-santa-fe"],"_links":{"self":[{"href":"http:\/\/argentinamunicipal.com.ar\/argentina\/wp-json\/wp\/v2\/posts\/76973","targetHints":{"allow":["GET"]}}],"collection":[{"href":"http:\/\/argentinamunicipal.com.ar\/argentina\/wp-json\/wp\/v2\/posts"}],"about":[{"href":"http:\/\/argentinamunicipal.com.ar\/argentina\/wp-json\/wp\/v2\/types\/post"}],"author":[{"embeddable":true,"href":"http:\/\/argentinamunicipal.com.ar\/argentina\/wp-json\/wp\/v2\/users\/2"}],"replies":[{"embeddable":true,"href":"http:\/\/argentinamunicipal.com.ar\/argentina\/wp-json\/wp\/v2\/comments?post=76973"}],"version-history":[{"count":0,"href":"http:\/\/argentinamunicipal.com.ar\/argentina\/wp-json\/wp\/v2\/posts\/76973\/revisions"}],"wp:featuredmedia":[{"embeddable":true,"href":"http:\/\/argentinamunicipal.com.ar\/argentina\/wp-json\/wp\/v2\/media\/76974"}],"wp:attachment":[{"href":"http:\/\/argentinamunicipal.com.ar\/argentina\/wp-json\/wp\/v2\/media?parent=76973"}],"wp:term":[{"taxonomy":"category","embeddable":true,"href":"http:\/\/argentinamunicipal.com.ar\/argentina\/wp-json\/wp\/v2\/categories?post=76973"},{"taxonomy":"post_tag","embeddable":true,"href":"http:\/\/argentinamunicipal.com.ar\/argentina\/wp-json\/wp\/v2\/tags?post=76973"}],"curies":[{"name":"wp","href":"https:\/\/api.w.org\/{rel}","templated":true}]}}