{"id":76979,"date":"2018-05-23T05:41:21","date_gmt":"2018-05-23T08:41:21","guid":{"rendered":"http:\/\/argentinamunicipal.com.ar\/argentina\/?p=76979"},"modified":"2018-05-23T07:43:01","modified_gmt":"2018-05-23T10:43:01","slug":"rosario-masiva-movilizacion-multisectorial-contra-los-tarifazos-en-el-enargas","status":"publish","type":"post","link":"http:\/\/argentinamunicipal.com.ar\/argentina\/rosario-masiva-movilizacion-multisectorial-contra-los-tarifazos-en-el-enargas\/","title":{"rendered":"Rosario: Masiva movilizaci\u00f3n multisectorial contra los tarifazos en el Enargas"},"content":{"rendered":"<p>La Multisectorial 21F, que integran gremios y organizaciones pol\u00edticas, sociales y barriales, march\u00f3 ayer por el centro rosarino para expresar su rechazo a los tarifazos y reclamar por la garrafa social.<\/p>\n<p>La Multisectorial 21F, que integran gremios y organizaciones pol\u00edticas, sociales y barriales, march\u00f3 ayer por el centro rosarino para expresar su rechazo a los tarifazos y reclamar por la garrafa social. La movilizaci\u00f3n confluy\u00f3 frente a la oficina local de Enargas, donde se realiz\u00f3 un acto.<\/p>\n<p>\u00abEstos tremendos tarifazos golpean fuertemente el bolsillo de los trabajadores y de las personas m\u00e1s vulnerables, que ni siquiera tienen un empleo estable\u00bb, dijo Edgardo Arrieta, secretario general de Dragado y Balizamiemto<\/p>\n<p>Entre los gremios que organizaron la movilizaci\u00f3n figuran el Sindicato de Recolectores de Rosario, Dragado y Balizamiento Norte (Trabajadores del Pami), junto a la Corriente Clasista y Combativa (CCC); la Organizaci\u00f3n social La Alameda y la organizaci\u00f3n pol\u00edtica Movimiento Evita. Tambi\u00e9n se sumaron la UOM, Bancarios, el Sutpa (peaje), Aceiteros de Rosario, el Centro Uni\u00f3n Almaceneros de Rosario.<\/p>\n<p>Los organizadores leyeron un documento frente a la dependencia nacional, donde se mont\u00f3 un escenario rodeado por miles de manifestantes. \u00abRealmente est\u00e1 muy dif\u00edcil la situaci\u00f3n y con esta movida la Multisectorial le est\u00e1 diciendo basta a este modelo econ\u00f3mico\u00bb, dijo Arrieta.<\/p>\n<p>En tanto, Marcelo Andrada, del gremio de los Recolectores, indic\u00f3: \u00abNos est\u00e1n metiendo la mano en los bolsillos a todos los trabajadores y hay gente que ni siquiera le alcanza para una garrafa social\u00bb.<\/p>\n<p>Tambi\u00e9n consider\u00f3 \u00ablamentable la cantidad de f\u00e1bricas que est\u00e1n cerrando en la provincia de Santa Fe, empresas que hoy est\u00e1n concursando, contra todo eso tenemos que luchar y hacerle entender al gobierno para que llame a un consenso\u00bb, dijo.<\/p>\n<p>Andrada adelant\u00f3 que su gremio movilizar\u00e1 a Buenos Aires el pr\u00f3ximo viernes 25 de mayo en la marcha convocada por el cegestita Pablo Moyano del gremio de Camioneros y el l\u00edder de la Corriente Federal, el bancario Sergio Palazzo, y junto a la CTA que encabeza el diputado nacional Hugo Yasky<\/p>\n<p>Por su parte, Antonio Donello, secretario general de la UOM Rosario, expres\u00f3 que \u00abse est\u00e1 reclamando por lo que est\u00e1n sufriendo los metal\u00fargicos y los trabajadores, que son los tarifazos, y las pymes son los que m\u00e1s lo padecen y se hace dif\u00edcil pagar los impuestos\u00bb. Y el concejal Eduardo Toniolli sostuvo que \u00abmuchos trabajadores est\u00e1n utilizando el 30 por ciento de sus ingresos en impuestos y transporte. As\u00ed no hay econom\u00eda que aguante\u00bb.<\/p>\n<h6>Fuente: La capital<\/h6>\n","protected":false},"excerpt":{"rendered":"<p>La Multisectorial 21F, que integran gremios y organizaciones pol\u00edticas, sociales y barriales, march\u00f3 ayer por el centro rosarino para expresar su rechazo a los tarifazos y reclamar por la garrafa social.<\/p>\n","protected":false},"author":2,"featured_media":76980,"comment_status":"closed","ping_status":"closed","sticky":false,"template":"","format":"standard","meta":{"footnotes":""},"categories":[2],"tags":[10],"class_list":["post-76979","post","type-post","status-publish","format-standard","has-post-thumbnail","hentry","category-informe-municipal","tag-santa-fe"],"_links":{"self":[{"href":"http:\/\/argentinamunicipal.com.ar\/argentina\/wp-json\/wp\/v2\/posts\/76979","targetHints":{"allow":["GET"]}}],"collection":[{"href":"http:\/\/argentinamunicipal.com.ar\/argentina\/wp-json\/wp\/v2\/posts"}],"about":[{"href":"http:\/\/argentinamunicipal.com.ar\/argentina\/wp-json\/wp\/v2\/types\/post"}],"author":[{"embeddable":true,"href":"http:\/\/argentinamunicipal.com.ar\/argentina\/wp-json\/wp\/v2\/users\/2"}],"replies":[{"embeddable":true,"href":"http:\/\/argentinamunicipal.com.ar\/argentina\/wp-json\/wp\/v2\/comments?post=76979"}],"version-history":[{"count":0,"href":"http:\/\/argentinamunicipal.com.ar\/argentina\/wp-json\/wp\/v2\/posts\/76979\/revisions"}],"wp:featuredmedia":[{"embeddable":true,"href":"http:\/\/argentinamunicipal.com.ar\/argentina\/wp-json\/wp\/v2\/media\/76980"}],"wp:attachment":[{"href":"http:\/\/argentinamunicipal.com.ar\/argentina\/wp-json\/wp\/v2\/media?parent=76979"}],"wp:term":[{"taxonomy":"category","embeddable":true,"href":"http:\/\/argentinamunicipal.com.ar\/argentina\/wp-json\/wp\/v2\/categories?post=76979"},{"taxonomy":"post_tag","embeddable":true,"href":"http:\/\/argentinamunicipal.com.ar\/argentina\/wp-json\/wp\/v2\/tags?post=76979"}],"curies":[{"name":"wp","href":"https:\/\/api.w.org\/{rel}","templated":true}]}}