{"id":77010,"date":"2018-05-23T06:21:28","date_gmt":"2018-05-23T09:21:28","guid":{"rendered":"http:\/\/argentinamunicipal.com.ar\/argentina\/?p=77010"},"modified":"2018-05-23T08:24:01","modified_gmt":"2018-05-23T11:24:01","slug":"pymes-a-cabrera-en-dos-anos-cerraron-7-mil-en-todo-el-pais","status":"publish","type":"post","link":"http:\/\/argentinamunicipal.com.ar\/argentina\/pymes-a-cabrera-en-dos-anos-cerraron-7-mil-en-todo-el-pais\/","title":{"rendered":"Pymes a Cabrera: \u201cEn dos a\u00f1os cerraron 7 mil en todo el pa\u00eds\u201d"},"content":{"rendered":"<p>El presidente de Asociaci\u00f3n Pyme, Daniel Moreira, critic\u00f3 los dichos del ministro de Producci\u00f3n, Francisco Cabrera, quien asegur\u00f3 \u201cno hay ni una sola\u201d peque\u00f1a y mediana empresa que haya cerrado sus puertas por el tarifazo. \u201cEl tarifazo fue la estocada final\u201d, apunt\u00f3.<\/p>\n<p>El presidente de Asociaci\u00f3n Pyme, Daniel Moreira, advirti\u00f3 que en dos a\u00f1os cerraron m\u00e1s de 7 mil pymes en todo el pa\u00eds, luego de que el ministro de Producci\u00f3n, Francisco Cabrera,\u00a0asegurara que \u00abno hab\u00eda ninguna\u00bb peque\u00f1a y mediana empresa que haya cerrado sus puertas por los aumentos en las tarifas.<\/p>\n<p>\u201cLo que dice el ministro es una falacia. Tenemos registradas en las distintas asociaciones pyme de todo el pa\u00eds que son 7 mil las que cerraron, entre formales e informales\u201d, advirti\u00f3 Moreira en declaraciones a\u00a0Info Regi\u00f3n.<\/p>\n<p>En este sentido, enfatiz\u00f3 que \u201cal ministro habr\u00eda que recomendarle que baje al territorio y vea de primera mano todas las pymes que cerraron\u201d. \u201cEl tarifazo fue la estocada final de un mont\u00f3n de cosas negativas, como las importaciones, la inflaci\u00f3n, las corridas y las tasas de inter\u00e9s\u201d, apunt\u00f3.<\/p>\n<p>Consultado sobre los dichos del funcionario nacional sobre que la energ\u00eda incide s\u00f3lo un 5 por ciento en los costos, Moreira asever\u00f3 que eso \u201cocurr\u00eda en 2015\u201d y que actualmente \u201cel promedio de los costos vinculados a la parte energ\u00e9tica se elev\u00f3 a casi un 30 por ciento\u201d.<\/p>\n<p>La suba del d\u00f3lar.\u00a0El referente pyme se\u00f1al\u00f3 que las variaciones en el d\u00f3lar y toda la incertidumbre en la econom\u00eda nacional impactaron de forma \u201cm\u00e1s que negativa\u201d en el sector ya que \u201chace 15 d\u00edas que no hay mercado de pago ni precios de referencia en ning\u00fan rubro\u201d.<\/p>\n<p>\u201cEste gobierno es c\u00ednico y mentiroso. Te prometen una cosa y hacen otra. Con sus pol\u00edticas est\u00e1n destruyendo totalmente la industria nacional\u201d, critic\u00f3 Moreira, al tiempo que advirti\u00f3 que \u201cla inflaci\u00f3n para este a\u00f1o est\u00e1 lejos de lo que calcul\u00f3 el Gobierno, lamentablemente rondar\u00e1 entre un 25 y un 30 por ciento otra vez\u201d.<\/p>\n<h6>Fuente: Info Regi\u00f3n<\/h6>\n","protected":false},"excerpt":{"rendered":"<p>El presidente de Asociaci\u00f3n Pyme, Daniel Moreira, critic\u00f3 los dichos del ministro de Producci\u00f3n, Francisco Cabrera, quien asegur\u00f3 \u201cno hay ni una sola\u201d peque\u00f1a y mediana empresa que haya cerrado sus puertas por el tarifazo.<\/p>\n","protected":false},"author":2,"featured_media":77011,"comment_status":"closed","ping_status":"closed","sticky":false,"template":"","format":"standard","meta":{"footnotes":""},"categories":[8],"tags":[21],"class_list":["post-77010","post","type-post","status-publish","format-standard","has-post-thumbnail","hentry","category-informe-nacional","tag-argentina"],"_links":{"self":[{"href":"http:\/\/argentinamunicipal.com.ar\/argentina\/wp-json\/wp\/v2\/posts\/77010","targetHints":{"allow":["GET"]}}],"collection":[{"href":"http:\/\/argentinamunicipal.com.ar\/argentina\/wp-json\/wp\/v2\/posts"}],"about":[{"href":"http:\/\/argentinamunicipal.com.ar\/argentina\/wp-json\/wp\/v2\/types\/post"}],"author":[{"embeddable":true,"href":"http:\/\/argentinamunicipal.com.ar\/argentina\/wp-json\/wp\/v2\/users\/2"}],"replies":[{"embeddable":true,"href":"http:\/\/argentinamunicipal.com.ar\/argentina\/wp-json\/wp\/v2\/comments?post=77010"}],"version-history":[{"count":0,"href":"http:\/\/argentinamunicipal.com.ar\/argentina\/wp-json\/wp\/v2\/posts\/77010\/revisions"}],"wp:featuredmedia":[{"embeddable":true,"href":"http:\/\/argentinamunicipal.com.ar\/argentina\/wp-json\/wp\/v2\/media\/77011"}],"wp:attachment":[{"href":"http:\/\/argentinamunicipal.com.ar\/argentina\/wp-json\/wp\/v2\/media?parent=77010"}],"wp:term":[{"taxonomy":"category","embeddable":true,"href":"http:\/\/argentinamunicipal.com.ar\/argentina\/wp-json\/wp\/v2\/categories?post=77010"},{"taxonomy":"post_tag","embeddable":true,"href":"http:\/\/argentinamunicipal.com.ar\/argentina\/wp-json\/wp\/v2\/tags?post=77010"}],"curies":[{"name":"wp","href":"https:\/\/api.w.org\/{rel}","templated":true}]}}