{"id":77043,"date":"2018-05-24T07:12:01","date_gmt":"2018-05-24T10:12:01","guid":{"rendered":"http:\/\/argentinamunicipal.com.ar\/argentina\/?p=77043"},"modified":"2018-05-24T07:12:01","modified_gmt":"2018-05-24T10:12:01","slug":"por-los-mas-de-40-anos-de-lucha","status":"publish","type":"post","link":"http:\/\/argentinamunicipal.com.ar\/argentina\/por-los-mas-de-40-anos-de-lucha\/","title":{"rendered":"Por los m\u00e1s de 40 a\u00f1os de lucha"},"content":{"rendered":"<p>Por sexta ocasi\u00f3n, la Asociaci\u00f3n Abuelas de Plaza de Mayo figura entre los nominados al Nobel de la Paz. Estela de Carlotto har\u00e1 el anuncio oficial hoy en el Congreso junto a legisladores y dirigentes de organismos de derechos humanos.<\/p>\n<p>La Asociaci\u00f3n Civil Abuelas de Plaza de Mayo fue nuevamente aceptada por el Comit\u00e9 Noruego para integrar la lista de candidatos al Premio Nobel de la Paz edici\u00f3n 2018. La presidenta de la organizaci\u00f3n, Estela de Carlotto, har\u00e1 el anuncio oficial hoy a las 12, durante un acto en el Sal\u00f3n Delia Parodi de la C\u00e1mara de Diputados, junto a legisladores nacionales y representantes de organismos de derechos humanos.<\/p>\n<p>Es la sexta vez que Abuelas est\u00e1 entre los nominados para obtener el galard\u00f3n. Esta vez, su postulaci\u00f3n al Comit\u00e9 Noruego del Nobel fue presentada por el diputado del bloque FpV-PJ Daniel Filmus \u201cen reconocimiento a su lucha de m\u00e1s de 40 a\u00f1os en la defensa de los derechos humanos\u201d, en especial en la b\u00fasqueda de sus nietos y nietas nacidos en cautiverio y apropiados durante la \u00faltima dictadura c\u00edvico-militar. \u201cEn el mundo las Abuelas de Plaza de Mayo son reconocidas por la recuperaci\u00f3n de los nietos pero tambi\u00e9n por todo lo que hicieron en la legislaci\u00f3n internacional por el derecho a la identidad\u201d, explic\u00f3 ayer Filmus. Adem\u00e1s, en la extensa carta que envi\u00f3 al Comit\u00e9, el legislador destac\u00f3 que \u201clas Abuelas han logrado localizar y recuperar la identidad de 127 argentinas y argentinos\u201d.<\/p>\n<p>Por su parte, Carlotto sostuvo que \u201ces un m\u00e9rito ser aceptadas y nominadas pero no nos quita el sue\u00f1o\u201d, al confirmar la candidatura. La presidenta de la entidad se mostr\u00f3 esc\u00e9ptica en torno a las actuales circunstancias: \u201cNo es lo mismo, antes nos invitaban para estar cerca de los miembros del Comit\u00e9 y que conozcan nuestras actividades, pero ahora no hay una relaci\u00f3n amistosa porque Macri no nos quiere, hay que decir la verdad\u201d, se\u00f1al\u00f3.<\/p>\n<p>Desde octubre de 1977, las Abuelas de Plaza de Mayo sostienen una tenaz e incansable b\u00fasqueda de sus nietas y nietos, con el prop\u00f3sito de restituir su derecho a la identidad. Se estima que son alrededor de 500 los ni\u00f1os nacidos en cautiverio y apropiados. En sus cuatro d\u00e9cadas de trayectoria, las Abuelas han logrado localizar y recuperar la identidad de 127 argentinos. En ese recorrido, \u00a0Abuelas de Plaza de Mayo se consolid\u00f3 como un actor fundamental en la organizaci\u00f3n de la lucha por la memoria, la verdad y la justicia en relaci\u00f3n con los delitos del terrorismo de Estado, no s\u00f3lo en nuestra sociedad sino tambi\u00e9n en la comunidad internacional. \u201cLas Abuelas siguen buscando a sus nietos, hoy adultos, pero tambi\u00e9n a sus bisnietos \u2013que, como sus padres, ven violado su derecho a la identidad\u2013, y con esta finalidad trabajan los equipos t\u00e9cnicos de la instituci\u00f3n, adem\u00e1s de crear las condiciones para que nunca m\u00e1s se repita tan terrible violaci\u00f3n de los derechos de los ni\u00f1os y exigir castigo a todos los responsables de estos grav\u00edsimos delitos\u201d, sostienen.<\/p>\n<p>Para esta edici\u00f3n del Nobel de la Paz hay 329 candidatos, el segundo mayor n\u00famero de postulaciones despu\u00e9s de los 376 de hace dos a\u00f1os. Las Abuelas \u00a0fueron consideradas posibles ganadoras en ediciones anteriores del Premio Nobel de la Paz, en especial en la de 2009, cuanto le fue otorgado al entonces presidente estadounidense Barack Obama. En 1980, Adolfo P\u00e9rez Esquivel se convirti\u00f3 en el segundo argentino en recibir este premio por su compromiso con la defensa de los Derechos Humanos en Iberoam\u00e9rica.<\/p>\n<h6>Fuente_ P\u00e1gina 12<\/h6>\n","protected":false},"excerpt":{"rendered":"<p>Por sexta ocasi\u00f3n, la Asociaci\u00f3n Abuelas de Plaza de Mayo figura entre los nominados al Nobel de la Paz. <\/p>\n","protected":false},"author":2,"featured_media":77044,"comment_status":"closed","ping_status":"closed","sticky":false,"template":"","format":"standard","meta":{"footnotes":""},"categories":[8],"tags":[21],"class_list":["post-77043","post","type-post","status-publish","format-standard","has-post-thumbnail","hentry","category-informe-nacional","tag-argentina"],"_links":{"self":[{"href":"http:\/\/argentinamunicipal.com.ar\/argentina\/wp-json\/wp\/v2\/posts\/77043","targetHints":{"allow":["GET"]}}],"collection":[{"href":"http:\/\/argentinamunicipal.com.ar\/argentina\/wp-json\/wp\/v2\/posts"}],"about":[{"href":"http:\/\/argentinamunicipal.com.ar\/argentina\/wp-json\/wp\/v2\/types\/post"}],"author":[{"embeddable":true,"href":"http:\/\/argentinamunicipal.com.ar\/argentina\/wp-json\/wp\/v2\/users\/2"}],"replies":[{"embeddable":true,"href":"http:\/\/argentinamunicipal.com.ar\/argentina\/wp-json\/wp\/v2\/comments?post=77043"}],"version-history":[{"count":0,"href":"http:\/\/argentinamunicipal.com.ar\/argentina\/wp-json\/wp\/v2\/posts\/77043\/revisions"}],"wp:featuredmedia":[{"embeddable":true,"href":"http:\/\/argentinamunicipal.com.ar\/argentina\/wp-json\/wp\/v2\/media\/77044"}],"wp:attachment":[{"href":"http:\/\/argentinamunicipal.com.ar\/argentina\/wp-json\/wp\/v2\/media?parent=77043"}],"wp:term":[{"taxonomy":"category","embeddable":true,"href":"http:\/\/argentinamunicipal.com.ar\/argentina\/wp-json\/wp\/v2\/categories?post=77043"},{"taxonomy":"post_tag","embeddable":true,"href":"http:\/\/argentinamunicipal.com.ar\/argentina\/wp-json\/wp\/v2\/tags?post=77043"}],"curies":[{"name":"wp","href":"https:\/\/api.w.org\/{rel}","templated":true}]}}