{"id":77046,"date":"2018-05-24T07:15:11","date_gmt":"2018-05-24T10:15:11","guid":{"rendered":"http:\/\/argentinamunicipal.com.ar\/argentina\/?p=77046"},"modified":"2018-05-24T07:15:11","modified_gmt":"2018-05-24T10:15:11","slug":"77046-2","status":"publish","type":"post","link":"http:\/\/argentinamunicipal.com.ar\/argentina\/77046-2\/","title":{"rendered":"Presi\u00f3n en el Senado por las tarifas"},"content":{"rendered":"<p>Tras presentar un proyecto propio el martes, el macrismo apuesta a dividir el bloque que conduce Miguel Pichetto. El senador salte\u00f1o Rodolfo Urtubey encabeza el sector disidente que podr\u00eda favorecer a Cambiemos en la sesi\u00f3n del pr\u00f3ximo mi\u00e9rcoles.<\/p>\n<p>El gobierno nacional puso en marcha su maquinaria para tratar de evitar el veto presidencial al proyecto opositor que retrotrae las tarifas a noviembre de 2017. Despu\u00e9s de negarse durante la semana pasada, el martes present\u00f3 a \u00faltimo momento en el Senado una iniciativa que rebaja el IVA en las facturas de luz, gas y agua, en busca de dividir al peronismo y lograr as\u00ed el apoyo de los gobernadores del PJ m\u00e1s cercanos a la Casa Rosada. El tema genera grietas no s\u00f3lo en el Bloque Justicialista que conduce Miguel Pichetto, sino tambi\u00e9n al interior del propio oficialismo: el radicalismo qued\u00f3 muy enojado con la exposici\u00f3n del ministro de Energ\u00eda, Juan Jos\u00e9 Aranguren, quien durante una reuni\u00f3n sobre las tarifas les adelant\u00f3 que se deber\u00e1 corregir un \u201catraso\u201d en el precio de las naftas de alrededor del 40 por ciento. \u201cCost\u00f3 bastante reunir el n\u00famero para juntar las firmas. Sabemos que el Gobierno Nacional est\u00e1 presionando fuertemente a los gobernadores para que no se apruebe, algo que ya se ha vuelto habitual en el Senado\u201d, advirti\u00f3 ayer la kirchnerista Anabel Fern\u00e1ndez Sagasti.<\/p>\n<p>Tal como public\u00f3 ayer P\u00e1ginaI12, los n\u00fameros no est\u00e1n asegurados para nadie. El nivel de consenso alcanzado en la C\u00e1mara de Diputados (133 votos a favor, 94 en contra y 3 abstenciones) indicaba que la oposici\u00f3n no tendr\u00eda problemas para sancionar la norma. Con sumar los 24 votos del interbloque Argentina Federal, los 9 del Frente para la Victoria, dos del peronismo puntano y los de Fernando \u201cPino\u201d Solanas y Magdalena Odarda ya se garantizaban la mayor\u00eda de 37 tanto para el qu\u00f3rum como para su sanci\u00f3n. Sin embargo, el gobierno meti\u00f3 la cola. Mauricio Macri se reuni\u00f3 en los d\u00edas previos con el gobernador de Salta, Juan Manuel Urtubey, quien le acerc\u00f3 la propuesta para rebajar el impuesto al valor agregado. Su hermano, el senador Rodolfo Urtubey, despu\u00e9s de demorar el martes hasta \u00faltimo momento para bajar a firmar el dictamen opositor, lo hizo en disidencia y ayer explic\u00f3 que propondr\u00e1 modificaciones. \u201cCreemos que hay que trabajar sobre la reducci\u00f3n del IVA porque es un impuesto universal que abarca a los usuarios de todo el pa\u00eds y no se mete en los contratos con las empresas, ni en la pol\u00edtica regulatoria que es patrimonio de todas las provincias\u201d, precis\u00f3 el legislador en declaraciones radiales. A trav\u00e9s de \u00e9ste cambio, seg\u00fan Urtubey pretende que las tarifas \u201cbajen un 10 por ciento en todo el pa\u00eds\u201d. Adem\u00e1s, remarc\u00f3 otro punto: que \u201clos contratos de concesi\u00f3n pasen al \u00e1mbito de la AMBA como lo hace cada provincia y si quieren subsidiarlos lo hagan con recursos propios y no de la Naci\u00f3n como actualmente\u201d. Precisamente, el interbloque Argentina Federal en Diputados present\u00f3 un proyecto en esa l\u00ednea. Se denomina \u201cley de Equidad Federal de Servicios P\u00fablicos para la transferencia del control de las distribuidoras Edenor, Edesur y AySA, a la Ciudad y a la provincia de Buenos Aires\u201d. Como su nombre lo indicia, apunta a que tanto en la Ciudad como la provincia de Buenos Aires tengan la jurisdicci\u00f3n sobre los servicios de energ\u00eda el\u00e9ctrica y que el Estado Nacional les transfiera el paquete accionario que tiene de la empresa AySA. \u201cCalculamos que para fines de este a\u00f1o, el Gobierno Nacional, desde el inicio de su gesti\u00f3n, habr\u00e1 transferido a AySA \u00a0m\u00e1s de 34.500 millones de pesos que provienen de la recaudaci\u00f3n realizada en todo el territorio nacional a una empresa que solo presta servicios en la Ciudad Aut\u00f3noma y parte de la provincia de Buenos Aires\u201d, advirtieron desde Argentina Federal.<\/p>\n<p>Contando a Urtubey ya son cuatro los senadores que no estar\u00edan dispuestos a acompa\u00f1ar el proyecto opositor. Son los que firmaron el dictamen en disidencia: Guillermo Snopek de Jujuy, Carlos \u201cCamau\u201d Esp\u00ednola de Corrientes y Dalmacio Mera, de Catamarca. Habr\u00e1 que ver si la presi\u00f3n de la de los pr\u00f3ximos d\u00edas surte efecto sobre otros legisladores.<\/p>\n<p>En concreto, el dictamen que firmaron los 15 integrantes de Cambiemos implica bajar durante un a\u00f1o el IVA del 21 al 10,5 por ciento para los hogares y del 27 al 21 por ciento para las PYMEs, prorrogable por otro a\u00f1o m\u00e1s. \u201cEl dictamen va en miras de buscar n\u00fameros para frenar la media sanci\u00f3n de Diputados. Es un terrible error por parte de los gobernadores, no soluciona el tema de fondo: las tarifas est\u00e1n dolarizadas. En octubre van a revisar las tarifas nuevamente y vamos a tener otro nuevo cuadro\u201d, replic\u00f3 ayer la kirchnerista Fern\u00e1ndez Sagasti.<\/p>\n<p>En paralelo a la maniobra oficial en el Senado, Elisa Carri\u00f3 present\u00f3 su propio proyecto para prohibir la inclusi\u00f3n de cargos extra en las facturas de servicios p\u00fablicos. La l\u00edder de la Coalici\u00f3n C\u00edvica propone, adem\u00e1s, modificar el art\u00edculo de la Ley de Defensa del Consumidor para evitar errores de facturaci\u00f3n y cortes de servicio. Esta iniciativa coincide con otra presentada por el l\u00edder del PRO en el Senado, Humberto Schiavoni, y podr\u00eda funcionar tambi\u00e9n como parte de la presi\u00f3n a los gobernadores.<\/p>\n<h6>Fuente: P\u00e1gina 12<\/h6>\n","protected":false},"excerpt":{"rendered":"<p>Tras presentar un proyecto propio el martes, el macrismo apuesta a dividir el bloque que conduce Miguel Pichetto. El senador salte\u00f1o Rodolfo Urtubey encabeza el sector disidente que podr\u00eda favorecer a Cambiemos en la sesi\u00f3n del pr\u00f3ximo mi\u00e9rcoles.<\/p>\n","protected":false},"author":2,"featured_media":77047,"comment_status":"closed","ping_status":"closed","sticky":false,"template":"","format":"standard","meta":{"footnotes":""},"categories":[8],"tags":[21],"class_list":["post-77046","post","type-post","status-publish","format-standard","has-post-thumbnail","hentry","category-informe-nacional","tag-argentina"],"_links":{"self":[{"href":"http:\/\/argentinamunicipal.com.ar\/argentina\/wp-json\/wp\/v2\/posts\/77046","targetHints":{"allow":["GET"]}}],"collection":[{"href":"http:\/\/argentinamunicipal.com.ar\/argentina\/wp-json\/wp\/v2\/posts"}],"about":[{"href":"http:\/\/argentinamunicipal.com.ar\/argentina\/wp-json\/wp\/v2\/types\/post"}],"author":[{"embeddable":true,"href":"http:\/\/argentinamunicipal.com.ar\/argentina\/wp-json\/wp\/v2\/users\/2"}],"replies":[{"embeddable":true,"href":"http:\/\/argentinamunicipal.com.ar\/argentina\/wp-json\/wp\/v2\/comments?post=77046"}],"version-history":[{"count":0,"href":"http:\/\/argentinamunicipal.com.ar\/argentina\/wp-json\/wp\/v2\/posts\/77046\/revisions"}],"wp:featuredmedia":[{"embeddable":true,"href":"http:\/\/argentinamunicipal.com.ar\/argentina\/wp-json\/wp\/v2\/media\/77047"}],"wp:attachment":[{"href":"http:\/\/argentinamunicipal.com.ar\/argentina\/wp-json\/wp\/v2\/media?parent=77046"}],"wp:term":[{"taxonomy":"category","embeddable":true,"href":"http:\/\/argentinamunicipal.com.ar\/argentina\/wp-json\/wp\/v2\/categories?post=77046"},{"taxonomy":"post_tag","embeddable":true,"href":"http:\/\/argentinamunicipal.com.ar\/argentina\/wp-json\/wp\/v2\/tags?post=77046"}],"curies":[{"name":"wp","href":"https:\/\/api.w.org\/{rel}","templated":true}]}}