{"id":77049,"date":"2018-05-24T07:18:50","date_gmt":"2018-05-24T10:18:50","guid":{"rendered":"http:\/\/argentinamunicipal.com.ar\/argentina\/?p=77049"},"modified":"2018-05-24T07:18:50","modified_gmt":"2018-05-24T10:18:50","slug":"del-lado-de-las-empresas","status":"publish","type":"post","link":"http:\/\/argentinamunicipal.com.ar\/argentina\/del-lado-de-las-empresas\/","title":{"rendered":"Del lado de las empresas"},"content":{"rendered":"<p>\u201cNo podemos proponer leyes que m\u00e1gicamente retrotraen tarifas a un origen sin decir de d\u00f3nde sale ese dinero, que no tenemos\u201d, lanz\u00f3 el presidente Mauricio Macri, en su habitual intento por frenar el proyecto opositor que avanza en el Senado para ponerle un techo al aumento de tarifas atado a un coeficiente salarial. El presidente hizo esas consideraciones nada menos que en la inauguraci\u00f3n en Bah\u00eda Blanca del primer parque e\u00f3lico en el marco del programa de energ\u00edas renovables. La familia del mandatario tiene experiencia en el tema: compr\u00f3 y vendi\u00f3 parques e\u00f3licos con una ganancia presunta de 15 millones de d\u00f3lares. Por ese motivo, hay una denuncia penal que dormita en Tribunales.<\/p>\n<p>Ajeno a eso, Macri se mostr\u00f3 junto al ministro de Energ\u00eda, Juan Jos\u00e9 Aranguren, y al presidente de Pampa Energ\u00eda, Marcelo Mindlin, un empresario muy cercano al gobierno (compr\u00f3 llamativamente la constructora del Grupo Macri, que pertenec\u00eda al primo presidencial Angelo Calcaterra). La empresa de Mindlin tiene previsto construir otros dos parques adem\u00e1s del que se inaugur\u00f3 ayer. Macri se mostr\u00f3 entusiasmado: \u201cEstamos produciendo m\u00e1s gas y eso nos va a permitir en algunos pocos a\u00f1os no s\u00f3lo abastecernos sino tambi\u00e9n abastecer a los hermanos chilenos y a otros pa\u00edses de la regi\u00f3n produciendo gas en cantidad y cada vez a precios mejores\u201d, sostuvo.<\/p>\n<p>Sobre las tarifas, remarc\u00f3 que \u201crepresentan lo que vale\u201d. De lado quedaron los planteos que le hizo Elisa Carri\u00f3 de que algunos empresarios (como Mindlin) podr\u00edan estar sobrefacturando. \u201cSi hubiese habido una alternativa de que esto funcionase sin que nadie pagara, habr\u00eda sido el primero en llevarlo adelante\u201d, argument\u00f3 Macri, quien continu\u00f3 defendiendo a las empresas energ\u00e9ticas y el aumento sideral que les concedi\u00f3: sostuvo que los aumentos son \u201ctrabajo para el futuro y el presente porque para hacer estos parques se han movilizado enormes sectores de la econom\u00eda argentina, generando empleos de calidad\u201d. \u201cNecesito que los argentinos sigan firmes, convencidos de que estamos en el camino correcto y me ayuden a que todos los dirigentes entendamos que debemos ser responsables en las cosas que proponemos\u201d, remarc\u00f3 sobre el escenario en el Senado<\/p>\n<h6>Fuente: P\u00e1gina 12<\/h6>\n","protected":false},"excerpt":{"rendered":"<p>\u201cNo podemos proponer leyes que m\u00e1gicamente retrotraen tarifas a un origen sin decir de d\u00f3nde sale ese dinero, que no tenemos\u201d, lanz\u00f3 el presidente Mauricio Macri<\/p>\n","protected":false},"author":2,"featured_media":77050,"comment_status":"closed","ping_status":"closed","sticky":false,"template":"","format":"standard","meta":{"footnotes":""},"categories":[8],"tags":[21],"class_list":["post-77049","post","type-post","status-publish","format-standard","has-post-thumbnail","hentry","category-informe-nacional","tag-argentina"],"_links":{"self":[{"href":"http:\/\/argentinamunicipal.com.ar\/argentina\/wp-json\/wp\/v2\/posts\/77049","targetHints":{"allow":["GET"]}}],"collection":[{"href":"http:\/\/argentinamunicipal.com.ar\/argentina\/wp-json\/wp\/v2\/posts"}],"about":[{"href":"http:\/\/argentinamunicipal.com.ar\/argentina\/wp-json\/wp\/v2\/types\/post"}],"author":[{"embeddable":true,"href":"http:\/\/argentinamunicipal.com.ar\/argentina\/wp-json\/wp\/v2\/users\/2"}],"replies":[{"embeddable":true,"href":"http:\/\/argentinamunicipal.com.ar\/argentina\/wp-json\/wp\/v2\/comments?post=77049"}],"version-history":[{"count":0,"href":"http:\/\/argentinamunicipal.com.ar\/argentina\/wp-json\/wp\/v2\/posts\/77049\/revisions"}],"wp:featuredmedia":[{"embeddable":true,"href":"http:\/\/argentinamunicipal.com.ar\/argentina\/wp-json\/wp\/v2\/media\/77050"}],"wp:attachment":[{"href":"http:\/\/argentinamunicipal.com.ar\/argentina\/wp-json\/wp\/v2\/media?parent=77049"}],"wp:term":[{"taxonomy":"category","embeddable":true,"href":"http:\/\/argentinamunicipal.com.ar\/argentina\/wp-json\/wp\/v2\/categories?post=77049"},{"taxonomy":"post_tag","embeddable":true,"href":"http:\/\/argentinamunicipal.com.ar\/argentina\/wp-json\/wp\/v2\/tags?post=77049"}],"curies":[{"name":"wp","href":"https:\/\/api.w.org\/{rel}","templated":true}]}}