{"id":77059,"date":"2018-05-24T07:31:17","date_gmt":"2018-05-24T10:31:17","guid":{"rendered":"http:\/\/argentinamunicipal.com.ar\/argentina\/?p=77059"},"modified":"2018-05-24T07:31:17","modified_gmt":"2018-05-24T10:31:17","slug":"sin-votos-no-hay-candidato","status":"publish","type":"post","link":"http:\/\/argentinamunicipal.com.ar\/argentina\/sin-votos-no-hay-candidato\/","title":{"rendered":"Sin votos no hay candidato"},"content":{"rendered":"<p>El mandatario de Brasil, Michel Temer (foto), anunci\u00f3 ayer que no ser\u00e1 candidato a la Presidencia por el Movimiento Democr\u00e1tico Brasile\u00f1o (PMDB) y apoy\u00f3 al ex ministro de Hacienda, Hernique Meirelles, a quien defini\u00f3 como \u201cel mejor entre los mejores\u201d durante un encuentro del PMDB en Brasilia, la capital del pa\u00eds, seg\u00fan el diario Folha de Sao Paulo. \u201cDigo sin equivocarme que Meirelles es el mejor entre los mejores\u201d, sentenci\u00f3 Temer.<\/p>\n<p>Despu\u00e9s de muchos rumores y de encuestas que lo sepultaron en el fondo de los \u00edndices de popularidad nacional, Temer \u2013el vice de Dilma Rousseff que asumi\u00f3 el poder cuando el Parlamento la destituty\u00f3 a trav\u00e9s de un pol\u00e9mico proceso\u2013 anunci\u00f3 que no se presentar\u00e1 como candidato presidencial y fue contundente al apoyar a Meirelles como la mejor opci\u00f3n de su partido.<\/p>\n<p>\u201cAbrimos un espacio para avanzar. Meirelles tiene el mandato de buscar la convergencia y de hacer crecer un bloque de centro\u201d, explic\u00f3 uno de los dirigentes que habl\u00f3 en el evento partidario, el senador Romero Juc\u00e1.<\/p>\n<p>Cuando le toc\u00f3 hablar, Meirelles asumi\u00f3 este mandato y lo hizo su prioridad. \u201cAhora comienza a discutirse una uni\u00f3n con los dem\u00e1s partidos. Vamos a comenzar a hablar con los todos los partidos para analizar los tipos de uni\u00f3n (&#8230;) si fuera posible en la primera vuelta, excelente. Si no, tengo la seguridad de que ser\u00e9 uno de los candidatos en la segunda vuelta\u201d, aseguro el flamante candidato del oficialismo brasile\u00f1o.<\/p>\n<p>Seg\u00fan una reciente encuesta, el gobierno de Temer y del PMDB tiene una imagen negativa del 72 por ciento.<\/p>\n<p>Por el contrario, el favorito indiscutido de todos los sondeos tanto para la primera como la segunda vuelta es el ex presidente Luiz In\u00e1cio Lula da Silva, el m\u00e1ximo referente del Partido de los Trabajadores (PT) que desde hace m\u00e1s de un mes se encuentra cumpliendo su condena por corrupci\u00f3n en la sede de la Polic\u00eda Federal de Curitiba, la capital del estado de Paran\u00e1 y la sede del juzgado de S\u00e9rgio Moro.<\/p>\n<p>Ayer el Supremo Tribunal Federal de Brasil autoriz\u00f3 que una comisi\u00f3n de diputados realice una visita para inspeccionar la celda donde est\u00e1 detenido Lula. La visita fue autorizada por el juez Edson Fachin. Seg\u00fan la ley los diputados tienen derecho de fiscalizaci\u00f3n y acceso a cualquier \u00f3rgano p\u00fablico. La comisi\u00f3n est\u00e1 compuesta por 12 diputados de seis formaciones de izquierda, entre ellas el Partido de los Trabajadores.<\/p>\n<h6>Fuente: P\u00e1gina 12<\/h6>\n","protected":false},"excerpt":{"rendered":"<p>El mandatario de Brasil, Michel Temer (foto), anunci\u00f3 ayer que no ser\u00e1 candidato a la Presidencia por el Movimiento Democr\u00e1tico Brasile\u00f1o (PMDB) y apoy\u00f3 al ex ministro de Hacienda, Hernique Meirelles, a quien defini\u00f3 como \u201cel mejor entre los mejores\u201d<\/p>\n","protected":false},"author":2,"featured_media":77060,"comment_status":"closed","ping_status":"closed","sticky":false,"template":"","format":"standard","meta":{"footnotes":""},"categories":[22],"tags":[57],"class_list":["post-77059","post","type-post","status-publish","format-standard","has-post-thumbnail","hentry","category-el-mundo","tag-el-mundo"],"_links":{"self":[{"href":"http:\/\/argentinamunicipal.com.ar\/argentina\/wp-json\/wp\/v2\/posts\/77059","targetHints":{"allow":["GET"]}}],"collection":[{"href":"http:\/\/argentinamunicipal.com.ar\/argentina\/wp-json\/wp\/v2\/posts"}],"about":[{"href":"http:\/\/argentinamunicipal.com.ar\/argentina\/wp-json\/wp\/v2\/types\/post"}],"author":[{"embeddable":true,"href":"http:\/\/argentinamunicipal.com.ar\/argentina\/wp-json\/wp\/v2\/users\/2"}],"replies":[{"embeddable":true,"href":"http:\/\/argentinamunicipal.com.ar\/argentina\/wp-json\/wp\/v2\/comments?post=77059"}],"version-history":[{"count":0,"href":"http:\/\/argentinamunicipal.com.ar\/argentina\/wp-json\/wp\/v2\/posts\/77059\/revisions"}],"wp:featuredmedia":[{"embeddable":true,"href":"http:\/\/argentinamunicipal.com.ar\/argentina\/wp-json\/wp\/v2\/media\/77060"}],"wp:attachment":[{"href":"http:\/\/argentinamunicipal.com.ar\/argentina\/wp-json\/wp\/v2\/media?parent=77059"}],"wp:term":[{"taxonomy":"category","embeddable":true,"href":"http:\/\/argentinamunicipal.com.ar\/argentina\/wp-json\/wp\/v2\/categories?post=77059"},{"taxonomy":"post_tag","embeddable":true,"href":"http:\/\/argentinamunicipal.com.ar\/argentina\/wp-json\/wp\/v2\/tags?post=77059"}],"curies":[{"name":"wp","href":"https:\/\/api.w.org\/{rel}","templated":true}]}}