{"id":77065,"date":"2018-05-24T06:44:43","date_gmt":"2018-05-24T09:44:43","guid":{"rendered":"http:\/\/argentinamunicipal.com.ar\/argentina\/?p=77065"},"modified":"2018-05-24T07:48:32","modified_gmt":"2018-05-24T10:48:32","slug":"77065-2","status":"publish","type":"post","link":"http:\/\/argentinamunicipal.com.ar\/argentina\/77065-2\/","title":{"rendered":"Conte formar\u00e1 gobierno, con Italia y Europa como centros"},"content":{"rendered":"<p>Roma. El jurista\u00a0Giuseppe Conte\u00a0acept\u00f3 formar Gobierno en\u00a0Italia\u00a0apoyado por el Movimiento 5 Estrellas (M5S) y la Liga Norte (LN) y confirm\u00f3 \u201cla posici\u00f3n europea\u201d del pa\u00eds, con prioridades en materia presupuestaria, migratoria y bancaria.<\/p>\n<p>Conte, un experto en Derecho de 54 a\u00f1os pr\u00e1cticamente desconocido para la opini\u00f3n p\u00fablica, recibi\u00f3 ayer el encargo del presidente\u00a0Sergio Mattarella, con el que se reuni\u00f3 durante casi dos horas en la sede de la Jefatura, el Palacio del Quirinale.<\/p>\n<p>Solo, a bordo de un taxi y entrando a pie al palacio con una carpeta con documentos bajo el brazo, el candidato lleg\u00f3 despu\u00e9s de que su extenso y brillante curr\u00edculum fuera puesto en entredicho por medios que aseguraban que no hab\u00eda realizado o impartido varios cursos de los que daba cuenta en prestigiosas Universidades de todo el mundo.<\/p>\n<p>La pol\u00e9mica parece no haber influido en la decisi\u00f3n de Mattarella y ahora Conte, que acept\u00f3 \u201ccon reservas\u201d como dicta la praxis, deber\u00e1 regresar ante el jefe del Estado, una vez que se haya reunido con las fuerzas pol\u00edticas, para presentarle sus ministros.<\/p>\n<p>Tras el encuentro, Conte realiz\u00f3 una breve declaraci\u00f3n en la que se le pudo escuchar en p\u00fablico pr\u00e1cticamente por primera vez, y en la que explic\u00f3 que abordaron \u201cla fase delicada y comprometida\u201d de Italia y los retos que esperan\u201d, de los cuales dijo ser \u201cconsciente\u201d.<\/p>\n<p>Las prioridades<\/p>\n<p>Tambi\u00e9n subray\u00f3 \u201cla necesidad de confirmar la posici\u00f3n europea e internacional\u201d del pa\u00eds, a sabiendas de que lo apoyan dos partidos euroesc\u00e9pticos. As\u00ed, entre las prioridades que afrontar\u00e1 \u201cinmediatamente\u201d, cit\u00f3 \u201clas negociaciones en curso sobre el Presupuesto de la Uni\u00f3n Europea, la reforma del derecho de asilo\u201d para inmigrantes, batalla de la ultraderechista LN, y \u201cla culminaci\u00f3n de la uni\u00f3n bancaria\u201d.<\/p>\n<p>\u201cMi intenci\u00f3n es comprometer a fondo el Ejecutivo sobre este terreno, construyendo las alianzas oportunas para que la direcci\u00f3n de marcha refleje el inter\u00e9s nacional\u201d, destac\u00f3.<\/p>\n<p>Por otro lado, 80 d\u00edas despu\u00e9s de las elecciones del 4 de marzo, Conte consider\u00f3 que \u201cel pa\u00eds espera, justamente, el nacimiento de un Ejecutivo, as\u00ed como respuestas\u201d, por lo que defendi\u00f3 el programa consensuado por el M5S y la LN, al que asegur\u00f3 haber contribuido.<\/p>\n<p>\u201cPretendo dar vida a un Gobierno de parte de los ciudadanos y que proteja sus intereses\u201d, afirm\u00f3 este profesor de Derecho, que se present\u00f3 emocionado como \u201cel abogado defensor del pueblo italiano\u201d.<\/p>\n<p>\u201cEn mi vida he defendido muchas causas, espero ahora defender los intereses de todos los italianos, en todas las sedes, europeas e internacionales, dialogando con las instituciones europeas y con los representantes de otros pa\u00edses\u201d, subray\u00f3.<\/p>\n<p>Conte deber\u00e1 ahora reunirse con los partidos y presentar al presidente Mattarella una lista de ministros, algo en lo que los analistas ven un posible escollo, pues la LN pretende dar el Ministerio de Econom\u00eda a un conocido cr\u00edtico del euro, Paolo Savona.<\/p>\n<p>Tras \u201cdeshacer las reservas\u201d con la presentaci\u00f3n de los ministros se proceder\u00e1 entonces con el juramento, el intercambio de poderes con el Gobierno que le ha precedido, del Partido Dem\u00f3crata (PD), y al voto de confianza de los dos tramos del Parlamento, la C\u00e1mara de Diputados y el Senado.<\/p>\n<p>Esto \u00faltimo podr\u00eda producirse entre el martes y el mi\u00e9rcoles de la pr\u00f3xima semana.<\/p>\n<h6>Fuente: La Voz<\/h6>\n","protected":false},"excerpt":{"rendered":"<p>Roma. El jurista\u00a0Giuseppe Conte\u00a0acept\u00f3 formar Gobierno en\u00a0Italia\u00a0apoyado por el Movimiento 5 Estrellas (M5S) y la Liga Norte (LN) y confirm\u00f3 \u201cla posici\u00f3n europea\u201d del pa\u00eds, con prioridades en materia presupuestaria, migratoria y bancaria.<\/p>\n","protected":false},"author":2,"featured_media":77066,"comment_status":"closed","ping_status":"closed","sticky":false,"template":"","format":"standard","meta":{"footnotes":""},"categories":[22],"tags":[57],"class_list":["post-77065","post","type-post","status-publish","format-standard","has-post-thumbnail","hentry","category-el-mundo","tag-el-mundo"],"_links":{"self":[{"href":"http:\/\/argentinamunicipal.com.ar\/argentina\/wp-json\/wp\/v2\/posts\/77065","targetHints":{"allow":["GET"]}}],"collection":[{"href":"http:\/\/argentinamunicipal.com.ar\/argentina\/wp-json\/wp\/v2\/posts"}],"about":[{"href":"http:\/\/argentinamunicipal.com.ar\/argentina\/wp-json\/wp\/v2\/types\/post"}],"author":[{"embeddable":true,"href":"http:\/\/argentinamunicipal.com.ar\/argentina\/wp-json\/wp\/v2\/users\/2"}],"replies":[{"embeddable":true,"href":"http:\/\/argentinamunicipal.com.ar\/argentina\/wp-json\/wp\/v2\/comments?post=77065"}],"version-history":[{"count":0,"href":"http:\/\/argentinamunicipal.com.ar\/argentina\/wp-json\/wp\/v2\/posts\/77065\/revisions"}],"wp:featuredmedia":[{"embeddable":true,"href":"http:\/\/argentinamunicipal.com.ar\/argentina\/wp-json\/wp\/v2\/media\/77066"}],"wp:attachment":[{"href":"http:\/\/argentinamunicipal.com.ar\/argentina\/wp-json\/wp\/v2\/media?parent=77065"}],"wp:term":[{"taxonomy":"category","embeddable":true,"href":"http:\/\/argentinamunicipal.com.ar\/argentina\/wp-json\/wp\/v2\/categories?post=77065"},{"taxonomy":"post_tag","embeddable":true,"href":"http:\/\/argentinamunicipal.com.ar\/argentina\/wp-json\/wp\/v2\/tags?post=77065"}],"curies":[{"name":"wp","href":"https:\/\/api.w.org\/{rel}","templated":true}]}}