{"id":77088,"date":"2018-05-24T08:27:48","date_gmt":"2018-05-24T11:27:48","guid":{"rendered":"http:\/\/argentinamunicipal.com.ar\/argentina\/?p=77088"},"modified":"2018-05-24T08:27:48","modified_gmt":"2018-05-24T11:27:48","slug":"77088-2","status":"publish","type":"post","link":"http:\/\/argentinamunicipal.com.ar\/argentina\/77088-2\/","title":{"rendered":"Comienza la Feria del Libro en Rosario"},"content":{"rendered":"<p>Se inicia hoy y se extender\u00e1 hasta el 4 de junio en el Centro Cultural Fontanarrosa. Incluir\u00e1 charlas, talleres, presentaciones y stands.<\/p>\n<p>El margen de tiempo multiplic\u00f3 las expectativas. Despu\u00e9s de 10 a\u00f1os, vuelve a Rosario la Feria Internacional del Libro. Con entrada libre y gratuita, se desarrollar\u00e1 desde hoy hasta el 4 de junio en el Centro Cultural Fontanarrosa (San Mart\u00edn 1080), este importante encuentro que se transformar\u00e1, por la jerarqu\u00eda de sus expositores y la calidad de las presentaciones, en uno de los principales centro de atracci\u00f3n cultural en la ciudad.En esta ocasi\u00f3n se llevar\u00e1 a cabo organizada por la Fundaci\u00f3n El Libro y la Municipalidad. Acompa\u00f1ada por un perceptible marco de ansiedad y remembranzas movilizadoras, destacadas editoriales y librer\u00edas participar\u00e1n durante 12 jornadas de una extensa y variada programaci\u00f3n que incluir\u00e1 charlas, conferencias, talleres y stands. Tambi\u00e9n reunir\u00e1 a figuras con acento local, aunque no faltar\u00e1n escritores y personalidades de car\u00e1cter nacional e internacional.<\/p>\n<p>El regreso de esta feria a la ciudad representa un acto festivo. No s\u00f3lo para los amantes de la lectura, porque esta iniciativa sin dudas atraviesa ese tipo de fronteras, y all\u00ed radican tambi\u00e9n las bases de su encanto, de su alcance y de su \u00e9xito. Miles de libros, a disposici\u00f3n de todos los rosarinos, significan un im\u00e1n con espesor cultural que seguramente contar\u00e1 con una contundente respuesta de la ciudadan\u00eda.<\/p>\n<p>Los interesados podr\u00e1n recorrer y disfrutar, de manera libre y gratuita, de una feria que pretende volver a insertarse en la agenda y el coraz\u00f3n de los rosarinos.<\/p>\n<p>Si bien la inauguraci\u00f3n oficial est\u00e1 programada para ma\u00f1ana, a las 18, en la explanada del Centro Cultural Fontanarrosa, lo cierto es que las actividades comenzar\u00e1n hoy (ver infograf\u00eda), desde las 14, con encuentros de editoriales, y durante la tarde habr\u00e1 un taller sobre Clarice Lispector, la presentaci\u00f3n del libro \u00abTribuna sin pueblo\u00bb, una charla sobre reflexiones en torno al poeta N\u00e9stor Perlongher, y la presentaci\u00f3n del libro de an\u00e1lisis hist\u00f3rico \u00abLa literatura de Santa Fe\u00bb, y de \u00abMonte de silencios\u00bb.<\/p>\n<p>Para m\u00e1s informaci\u00f3n, se puede consultar (https:\/\/www.rosario.gov.ar\/web\/ciudad\/cultura\/feria-internacional-del-libro).<\/p>\n<p>A lo largo de los 12 d\u00edas, participar\u00e1n 72 expositores que estar\u00e1n distribuidos en 48 stands y, seg\u00fan confiaron los organizadores, habr\u00e1 fuerte participaci\u00f3n local.<\/p>\n<p>Un faro cultural<\/p>\n<p>\u00abEste regreso fortalece la tradici\u00f3n de la ciudad con respecto a la promoci\u00f3n de la lectura y al circuito del libro, contemplando todas sus distintas instancias y actores. Esto reafirma a Rosario como faro cultural\u00bb, destac\u00f3 Guillermo R\u00edos, secretario de Cultura y Educaci\u00f3n.<\/p>\n<p>En tanto, Oche Califa, director cultural de la Fundaci\u00f3n El Libro, remarc\u00f3 el rol de las ferias \u00abcomo estrategias de fortalecimiento del mundo lector; acciones con consecuencias positivas para el libro y toda la cultura. Para nosotros relanzar la feria ha sido cumplir un sue\u00f1o\u00bb.<\/p>\n<p>La amplia programaci\u00f3n permitir\u00e1 fomentar espacios de acercamientos con reconocidas personalidades de la cultura como Carlos Ulanovsky, Pedro Saborido, Reynaldo Sietecase, Juan Pablo Meneses, V\u00edctor Hugo Morales, Ricardo Mari\u00f1o, Silvia Schujer, Alejandro Seselovsky, Juan Sklar, Fabi\u00e1n Vena, Carlos Busqued, Luciana Peker, Horacio Gonz\u00e1lez, Claudia Pi\u00f1eiro, Gabriela Cabez\u00f3n C\u00e1mara, Viviana Rivero, Hern\u00e1n Casciari y Mart\u00edn Granovsky.<\/p>\n<p>Asimismo, en la agenda est\u00e1n pactados dos homenajes a personalidades rosarinas. El primero se desarrollar\u00e1 despu\u00e9s de la apertura oficial: ma\u00f1ana, a las 18, donde se reconocer\u00e1 a la escritora rosarina Ang\u00e9lica Gorodischer. Y sobre el final de la feria, el s\u00e1bado 2 de junio, una mesa estelar integrada por figuras como Rep y Juan Sasturain recordar\u00e1 al Negro Fontanarrosa.<\/p>\n<p>Esta edici\u00f3n tambi\u00e9n apostar\u00e1 fuerte por la presencia de j\u00f3venes lectores y escritores. En ese marco, se destaca la presencia de Pamela Stupia, una youtuber con m\u00e1s de 500 mil seguidores en las redes.<\/p>\n<p>Las autoridades anunciaron que la feria podr\u00e1 ser visitada por grupos escolares en dos turnos diarios (de 9 a 11, y de 14 a 16), a partir de una iniciativa impulsada de manera conjunta por la secretar\u00eda de Cultura y Educaci\u00f3n junto al Ministerio de Educaci\u00f3n de la provincia de Santa Fe.<\/p>\n<h6>Fuente: La Capital<\/h6>\n","protected":false},"excerpt":{"rendered":"<p>Se inicia hoy y se extender\u00e1 hasta el 4 de junio en el Centro Cultural Fontanarrosa. Incluir\u00e1 charlas, talleres, presentaciones y stands.<\/p>\n","protected":false},"author":2,"featured_media":77089,"comment_status":"closed","ping_status":"closed","sticky":false,"template":"","format":"standard","meta":{"footnotes":""},"categories":[47],"tags":[10],"class_list":["post-77088","post","type-post","status-publish","format-standard","has-post-thumbnail","hentry","category-fiestas","tag-santa-fe"],"_links":{"self":[{"href":"http:\/\/argentinamunicipal.com.ar\/argentina\/wp-json\/wp\/v2\/posts\/77088","targetHints":{"allow":["GET"]}}],"collection":[{"href":"http:\/\/argentinamunicipal.com.ar\/argentina\/wp-json\/wp\/v2\/posts"}],"about":[{"href":"http:\/\/argentinamunicipal.com.ar\/argentina\/wp-json\/wp\/v2\/types\/post"}],"author":[{"embeddable":true,"href":"http:\/\/argentinamunicipal.com.ar\/argentina\/wp-json\/wp\/v2\/users\/2"}],"replies":[{"embeddable":true,"href":"http:\/\/argentinamunicipal.com.ar\/argentina\/wp-json\/wp\/v2\/comments?post=77088"}],"version-history":[{"count":0,"href":"http:\/\/argentinamunicipal.com.ar\/argentina\/wp-json\/wp\/v2\/posts\/77088\/revisions"}],"wp:featuredmedia":[{"embeddable":true,"href":"http:\/\/argentinamunicipal.com.ar\/argentina\/wp-json\/wp\/v2\/media\/77089"}],"wp:attachment":[{"href":"http:\/\/argentinamunicipal.com.ar\/argentina\/wp-json\/wp\/v2\/media?parent=77088"}],"wp:term":[{"taxonomy":"category","embeddable":true,"href":"http:\/\/argentinamunicipal.com.ar\/argentina\/wp-json\/wp\/v2\/categories?post=77088"},{"taxonomy":"post_tag","embeddable":true,"href":"http:\/\/argentinamunicipal.com.ar\/argentina\/wp-json\/wp\/v2\/tags?post=77088"}],"curies":[{"name":"wp","href":"https:\/\/api.w.org\/{rel}","templated":true}]}}