{"id":77099,"date":"2018-05-24T06:34:54","date_gmt":"2018-05-24T09:34:54","guid":{"rendered":"http:\/\/argentinamunicipal.com.ar\/argentina\/?p=77099"},"modified":"2018-05-24T08:36:30","modified_gmt":"2018-05-24T11:36:30","slug":"detenido-el-primer-alto-dirigente-del-psdb-un-partido-historico-de-brasil","status":"publish","type":"post","link":"http:\/\/argentinamunicipal.com.ar\/argentina\/detenido-el-primer-alto-dirigente-del-psdb-un-partido-historico-de-brasil\/","title":{"rendered":"Detenido el primer alto dirigente del PSDB, un partido hist\u00f3rico de Brasil"},"content":{"rendered":"<p>Eduardo Azeredo, un dirigente del PSDB, uno de los pocos partidos brasile\u00f1os que hasta ahora hab\u00eda esquivado el vendaval de denuncias contra la corrupci\u00f3n, se entreg\u00f3 a la polic\u00eda ayerpara cumplir una pena de 20 a\u00f1os y un mes de c\u00e1rcel, dos d\u00e9cadas despu\u00e9s de los hechos.<\/p>\n<p>Azeredo, de 69 a\u00f1os, gobernador de Minas Gerais (sudeste) de 1995 a 1999, se entreg\u00f3 por la tarde en una comisar\u00eda de Belo Horizonte, la capital de ese estado, despu\u00e9s de que un tribunal de segunda instancia rechazara el martes sus \u00faltimos recursos.<\/p>\n<p>Miembro fundador en 1988 del Partido de la Social Democracia Brasile\u00f1a (PSDB, centroderecha) junto a Fernando Henrique Cardoso, quien fue presidente entre 1995 y 2002, Azeredo fue declarado culpable de desv\u00edo y lavado de dinero en la campa\u00f1a para su frustrada reelecci\u00f3n en 1998.<\/p>\n<p>La detenci\u00f3n se produce a menos de cinco meses de las elecciones presidenciales de octubre y, seg\u00fan analistas, podr\u00eda tener un impacto negativo en la campa\u00f1a del precandidato del PSDB, el exgobernador de Sao Paulo Geraldo Alckmin, quien r\u00e1pidamente trat\u00f3 de distanciarse del noticiario judicial.<\/p>\n<p>\u00abEn relaci\u00f3n con la decisi\u00f3n del tribunal de Justicia de Minas Gerais sobre el exgobernador Eduardo Azeredo, repito lo que he dicho en ocasiones semejantes: no hay una Justicia roja, azul, amarilla o verde. La ley es igual para todos. Una decisi\u00f3n judicial no se discute, se cumple\u00bb, tuite\u00f3 Alclmin el martes, tras el rechazo de los recursos.<\/p>\n<p>&#8211; Antes del \u00abmensalao\u00bb &#8211;<\/p>\n<p>Azeredo fue condenado por su implicaci\u00f3n en un esquema de desv\u00edos de recursos p\u00fablicos considerado el embri\u00f3n del sistema de compra de apoyo legislativo (\u00abmensalao\u00bb, o \u00abgran salario\u00bb) usado por el izquierdista Partido de los Trabajadores (PT) durante la primera presidencia de Luiz In\u00e1cio Lula da Silva, a inicios de la d\u00e9cada pasada.<\/p>\n<p>El publicitario Marcos Valerio, operador de ambos esquemas, purga m\u00e1s de 40 a\u00f1os de c\u00e1rcel.<\/p>\n<p>El \u00abmensalao\u00bb y luego el \u00abpetrolao\u00bb, la red de corrupci\u00f3n desvelada desde 2014 en el seno de Petrobras por la Operaci\u00f3n Lava Jato, implicaron a las c\u00fapulas del PT y de los partidos de centro y de derecha con los que se ali\u00f3 para gobernar bajo los mandatos de Lula (2003-2010) y de su sucesora Dilma Rousseff (2011-2016).<\/p>\n<p>Lula y los principales dirigentes hist\u00f3ricos del PT est\u00e1n actualmente en la c\u00e1rcel, al igual que l\u00edderes de la derecha, como el expoderoso jefe de la C\u00e1mara de Diputados Eduardo Cunha, del MDB del presidente conservador Michel Temer.<\/p>\n<p>El propio Temer y sus principales ministros est\u00e1n tambi\u00e9n bajo la mira de la justicia, aunque protegidos, por el momento, por los fueros que les confieren sus cargos.<\/p>\n<p>Est\u00e1n igualmente amenazados por las investigaciones varios dirigentes del PSDB, un partido que siempre estuvo en la oposici\u00f3n a los gobiernos del PT y que hasta ahora ven\u00eda libr\u00e1ndose del escarnio de la prisi\u00f3n.<\/p>\n<p>El principal de ellos es el senador A\u00e9cio Neves, derrotado en las presidenciales de 2014, inculpado por la corte suprema como presunto beneficiario en 2017 de dos millones de reales (626.000 d\u00f3lares al cambo promedio de ese a\u00f1o) entregados por los due\u00f1os del gigante c\u00e1rnico JBS para ayudarle a pagar a sus abogados.<\/p>\n<p>Neves, investigado en otras siete causas, niega esas acusaciones.<\/p>\n<p>Tambi\u00e9n Alckmin es investigado por supuestos pagos il\u00edcitos a sus campa\u00f1as de 2010 y 2014, acusaciones que \u00e9l niega.<\/p>\n<h6>Fuente: Tucum\u00e1n Hoy<\/h6>\n","protected":false},"excerpt":{"rendered":"<p>Eduardo Azeredo, un dirigente del PSDB, uno de los pocos partidos brasile\u00f1os que hasta ahora hab\u00eda esquivado el vendaval de denuncias contra la corrupci\u00f3n, se entreg\u00f3 a la polic\u00eda ayerpara cumplir una pena de 20 a\u00f1os <\/p>\n","protected":false},"author":2,"featured_media":77100,"comment_status":"closed","ping_status":"closed","sticky":false,"template":"","format":"standard","meta":{"footnotes":""},"categories":[22],"tags":[57],"class_list":["post-77099","post","type-post","status-publish","format-standard","has-post-thumbnail","hentry","category-el-mundo","tag-el-mundo"],"_links":{"self":[{"href":"http:\/\/argentinamunicipal.com.ar\/argentina\/wp-json\/wp\/v2\/posts\/77099","targetHints":{"allow":["GET"]}}],"collection":[{"href":"http:\/\/argentinamunicipal.com.ar\/argentina\/wp-json\/wp\/v2\/posts"}],"about":[{"href":"http:\/\/argentinamunicipal.com.ar\/argentina\/wp-json\/wp\/v2\/types\/post"}],"author":[{"embeddable":true,"href":"http:\/\/argentinamunicipal.com.ar\/argentina\/wp-json\/wp\/v2\/users\/2"}],"replies":[{"embeddable":true,"href":"http:\/\/argentinamunicipal.com.ar\/argentina\/wp-json\/wp\/v2\/comments?post=77099"}],"version-history":[{"count":0,"href":"http:\/\/argentinamunicipal.com.ar\/argentina\/wp-json\/wp\/v2\/posts\/77099\/revisions"}],"wp:featuredmedia":[{"embeddable":true,"href":"http:\/\/argentinamunicipal.com.ar\/argentina\/wp-json\/wp\/v2\/media\/77100"}],"wp:attachment":[{"href":"http:\/\/argentinamunicipal.com.ar\/argentina\/wp-json\/wp\/v2\/media?parent=77099"}],"wp:term":[{"taxonomy":"category","embeddable":true,"href":"http:\/\/argentinamunicipal.com.ar\/argentina\/wp-json\/wp\/v2\/categories?post=77099"},{"taxonomy":"post_tag","embeddable":true,"href":"http:\/\/argentinamunicipal.com.ar\/argentina\/wp-json\/wp\/v2\/tags?post=77099"}],"curies":[{"name":"wp","href":"https:\/\/api.w.org\/{rel}","templated":true}]}}