{"id":77113,"date":"2018-05-28T20:32:38","date_gmt":"2018-05-28T23:32:38","guid":{"rendered":"http:\/\/argentinamunicipal.com.ar\/argentina\/?p=77113"},"modified":"2018-05-28T20:32:38","modified_gmt":"2018-05-28T23:32:38","slug":"escandalo-en-maciel-golpearon-al-presidente-comunal-y-pararon-los-servicios","status":"publish","type":"post","link":"http:\/\/argentinamunicipal.com.ar\/argentina\/escandalo-en-maciel-golpearon-al-presidente-comunal-y-pararon-los-servicios\/","title":{"rendered":"Esc\u00e1ndalo en Maciel: golpearon al presidente comunal y pararon los servicios"},"content":{"rendered":"<p>Desde esta ma\u00f1ana, cuando se produjo el conflicto en la comuna, los trabajadores cortaron sus actividades en reclamo al cobro de sus sueldos.<\/p>\n<p>Horas de tensi\u00f3n se vivieron esta ma\u00f1ana en la localidad de Maciel, donde el presidente comunal fue v\u00edctima de una paliza y debi\u00f3 ser internado, en el marco del conflicto en el que la oposici\u00f3n pidi\u00f3 la intervenci\u00f3n de la comuna y la salida de algunos miembros actuales del gobierno de Pedro Tobozo.<br \/>\nLuego del esc\u00e1ndalo vivido en la comuna, los trabajadores comunales cruzaron camiones y cortaron el servicio de barrido, recolecci\u00f3n y riego en esa localidad.<br \/>\nSeg\u00fan detall\u00f3 el portal\u00a0InfoM\u00e1s\u00a0de la localidad, se trataba de una reuni\u00f3n extraordinaria que hab\u00eda sido postergada para este lunes. S\u00f3lo acudieron los miembros opositores, quienes redactaron un acta exigiendo diferentes puntos.<\/p>\n<p>En primer lugar pidieron despedir a los dos asesores legales de la comuna, al contador y tambi\u00e9n a la jueza de faltas. Una situaci\u00f3n similar a la vivida en febrero, cuando finalmente los abogados que iniciaron la gesti\u00f3n fueron separados de sus cargos.<br \/>\nSin embargo, la exigencia de congelar las cuentas de la comuna para pedir una auditor\u00eda contable, administrativa, financiera, legal, laboral y de gesti\u00f3n desde el 10 de diciembre hizo reaccionar a los trabajadores, que entendieron que no se les pagar\u00edan los sueldos de mayo.<br \/>\nLa discusi\u00f3n comenz\u00f3 a los gritos y termin\u00f3 a los golpes. El presidente comunal Tobozo perdi\u00f3 un diente entre las pi\u00f1as y sufri\u00f3 un pico de presi\u00f3n, por lo que fue atendido en el Samco de Maciel, al igual que la vicepresidenta comunal.<br \/>\nEn conclusi\u00f3n, los trabajadores de la comuna decidieron cortar la calle con maquinarias expresando su descontento con la situaci\u00f3n y temiendo lo que pueda ocurrir con su salario y sus fuentes laborales, por lo que el servicio est\u00e1 cortado.<\/p>\n<h6>Fuente; Uno<\/h6>\n","protected":false},"excerpt":{"rendered":"<p>Desde esta ma\u00f1ana, cuando se produjo el conflicto en la comuna, los trabajadores cortaron sus actividades en reclamo al cobro de sus sueldos.<\/p>\n","protected":false},"author":2,"featured_media":77114,"comment_status":"closed","ping_status":"closed","sticky":false,"template":"","format":"standard","meta":{"footnotes":""},"categories":[4],"tags":[10],"class_list":["post-77113","post","type-post","status-publish","format-standard","has-post-thumbnail","hentry","category-informe-politico","tag-santa-fe"],"_links":{"self":[{"href":"http:\/\/argentinamunicipal.com.ar\/argentina\/wp-json\/wp\/v2\/posts\/77113","targetHints":{"allow":["GET"]}}],"collection":[{"href":"http:\/\/argentinamunicipal.com.ar\/argentina\/wp-json\/wp\/v2\/posts"}],"about":[{"href":"http:\/\/argentinamunicipal.com.ar\/argentina\/wp-json\/wp\/v2\/types\/post"}],"author":[{"embeddable":true,"href":"http:\/\/argentinamunicipal.com.ar\/argentina\/wp-json\/wp\/v2\/users\/2"}],"replies":[{"embeddable":true,"href":"http:\/\/argentinamunicipal.com.ar\/argentina\/wp-json\/wp\/v2\/comments?post=77113"}],"version-history":[{"count":0,"href":"http:\/\/argentinamunicipal.com.ar\/argentina\/wp-json\/wp\/v2\/posts\/77113\/revisions"}],"wp:featuredmedia":[{"embeddable":true,"href":"http:\/\/argentinamunicipal.com.ar\/argentina\/wp-json\/wp\/v2\/media\/77114"}],"wp:attachment":[{"href":"http:\/\/argentinamunicipal.com.ar\/argentina\/wp-json\/wp\/v2\/media?parent=77113"}],"wp:term":[{"taxonomy":"category","embeddable":true,"href":"http:\/\/argentinamunicipal.com.ar\/argentina\/wp-json\/wp\/v2\/categories?post=77113"},{"taxonomy":"post_tag","embeddable":true,"href":"http:\/\/argentinamunicipal.com.ar\/argentina\/wp-json\/wp\/v2\/tags?post=77113"}],"curies":[{"name":"wp","href":"https:\/\/api.w.org\/{rel}","templated":true}]}}