{"id":77119,"date":"2018-05-28T20:43:09","date_gmt":"2018-05-28T23:43:09","guid":{"rendered":"http:\/\/argentinamunicipal.com.ar\/argentina\/?p=77119"},"modified":"2018-05-28T20:43:09","modified_gmt":"2018-05-28T23:43:09","slug":"brasil-la-policia-se-suma-a-la-protesta-de-los-camioneros","status":"publish","type":"post","link":"http:\/\/argentinamunicipal.com.ar\/argentina\/brasil-la-policia-se-suma-a-la-protesta-de-los-camioneros\/","title":{"rendered":"Brasil: la polic\u00eda se suma a la protesta de los camioneros"},"content":{"rendered":"<p>El sindicato de agentes de la Polic\u00eda Federal de Brasil se neg\u00f3 a desbloquear las rutas, tal como lo hab\u00eda ordenado el gobierno de Temer.<\/p>\n<p>A pesar de que el Gobierno anunci\u00f3 un acuerdo para reducir los costos del combustible, la huelga de camioneros en Brasil parece no haber llegado a su fin. En el octavo d\u00eda de conflicto, las entidades de\u00a0agentes de la Polic\u00eda Federal rechazaron la orden para desbloquear las rutas y pasaron a reivindicar la lucha de los transportistas\u00a0contra el ajuste de precios del gasoil.<\/p>\n<p>\u00abLas entidades representativas de los polic\u00edas federales manifiestan su apoyo al movimiento de los camioneros, ocasi\u00f3n en la que reafirman su\u00a0compromiso de defender al pueblo brasile\u00f1o y de jam\u00e1s funcionar como polic\u00eda de gobierno o un brazo armado contra los manifestantes\u00bb, afirma un comunicado de la Federaci\u00f3n Nacional de Polic\u00edas Federales (Fenapef).<\/p>\n<p>\u00abLa lucha de los camioneros representa la voluntad de todos los brasile\u00f1os\u00bb, arengaba el comunicado del sindicato de polic\u00edas.<\/p>\n<p>La difusi\u00f3n del texto se produjo apenas horas despu\u00e9s que el presidente Michel Temer anunciara por cadena nacional la promesa de entregar\u00a0subsidios por 3.000 millones de d\u00f3lares\u00a0a los camioneros y transportistas, que en su mayor\u00eda son monotributistas.<\/p>\n<p>Sin embargo,\u00a0las protestas contin\u00faan en rutas de 18 estados,\u00a0mientras que la flota de colectivos est\u00e1 afectada en todas las capitales de los estados. A su vez, las clases fueron suspendidas en la ciudad de R\u00edo de Janeiro, Minas Gerais, Brasilia y parte del estado sure\u00f1o de Paran\u00e1 por falta de transporte.<\/p>\n<p>\u00abLa lucha de los camioneros representa la voluntad de todos los brasile\u00f1os\u00bb,arengaba el comunicado del sindicato de polic\u00edas, que a la vez realiz\u00f3 un pedido para que en los piquetes dejen pasar insumos hospitalarios.<\/p>\n<h6>Fuetne: InfoNews<\/h6>\n","protected":false},"excerpt":{"rendered":"<p>El sindicato de agentes de la Polic\u00eda Federal de Brasil se neg\u00f3 a desbloquear las rutas, tal como lo hab\u00eda ordenado el gobierno de Temer.<\/p>\n","protected":false},"author":2,"featured_media":77120,"comment_status":"closed","ping_status":"closed","sticky":false,"template":"","format":"standard","meta":{"footnotes":""},"categories":[22],"tags":[57],"class_list":["post-77119","post","type-post","status-publish","format-standard","has-post-thumbnail","hentry","category-el-mundo","tag-el-mundo"],"_links":{"self":[{"href":"http:\/\/argentinamunicipal.com.ar\/argentina\/wp-json\/wp\/v2\/posts\/77119","targetHints":{"allow":["GET"]}}],"collection":[{"href":"http:\/\/argentinamunicipal.com.ar\/argentina\/wp-json\/wp\/v2\/posts"}],"about":[{"href":"http:\/\/argentinamunicipal.com.ar\/argentina\/wp-json\/wp\/v2\/types\/post"}],"author":[{"embeddable":true,"href":"http:\/\/argentinamunicipal.com.ar\/argentina\/wp-json\/wp\/v2\/users\/2"}],"replies":[{"embeddable":true,"href":"http:\/\/argentinamunicipal.com.ar\/argentina\/wp-json\/wp\/v2\/comments?post=77119"}],"version-history":[{"count":0,"href":"http:\/\/argentinamunicipal.com.ar\/argentina\/wp-json\/wp\/v2\/posts\/77119\/revisions"}],"wp:featuredmedia":[{"embeddable":true,"href":"http:\/\/argentinamunicipal.com.ar\/argentina\/wp-json\/wp\/v2\/media\/77120"}],"wp:attachment":[{"href":"http:\/\/argentinamunicipal.com.ar\/argentina\/wp-json\/wp\/v2\/media?parent=77119"}],"wp:term":[{"taxonomy":"category","embeddable":true,"href":"http:\/\/argentinamunicipal.com.ar\/argentina\/wp-json\/wp\/v2\/categories?post=77119"},{"taxonomy":"post_tag","embeddable":true,"href":"http:\/\/argentinamunicipal.com.ar\/argentina\/wp-json\/wp\/v2\/tags?post=77119"}],"curies":[{"name":"wp","href":"https:\/\/api.w.org\/{rel}","templated":true}]}}