{"id":77122,"date":"2018-05-28T20:48:09","date_gmt":"2018-05-28T23:48:09","guid":{"rendered":"http:\/\/argentinamunicipal.com.ar\/argentina\/?p=77122"},"modified":"2018-05-28T20:48:09","modified_gmt":"2018-05-28T23:48:09","slug":"77122-2","status":"publish","type":"post","link":"http:\/\/argentinamunicipal.com.ar\/argentina\/77122-2\/","title":{"rendered":"Una multitud se concentr\u00f3 en el Obelisco contra el regreso al FMI"},"content":{"rendered":"<p>Bajo la consigna \u201cLa patria est\u00e1 en peligro\u201d, decenas de miles de personas celebraron el 25 de mayo y protestaron contra las pol\u00edticas socioecon\u00f3micas de la administraci\u00f3n macrista y el regreso al Fondo Monetario Internacional.<\/p>\n<p>Agrupaciones\u00a0kirchneristas, de\u00a0izquierda,\u00a0organismos de Derechos Humanos, sindicatos de la\u00a0CTA\u00a0y gremios afines a\u00a0Hugo Moyano, se concentraron en el\u00a0Obelisco\u00a0contra la dependencia\u00a0econ\u00f3mica del pa\u00eds ante el\u00a0Fondo Monetario Internacional (FMI).<\/p>\n<p>La consiga fue contundente:\u00a0\u201cLa patria est\u00e1 en peligro\u201d.<\/p>\n<p>De la actividad participaron tambi\u00e9n organizaciones sociales, barriales, cooperativistas, pymes y destacadas personalidades de las artes y la cultura popular.<\/p>\n<p>El acto se realiz\u00f3 sobre la avenida 9 de Julio, con un escenario central en el\u00a0Obelisco\u00a0donde actuaron bandas musicales (Bersuit Bergarabat, entre otras). All\u00ed, decenas de miles de personas proclamaron el \u00abNo al FMI\u00bb con cantitos contra el gobierno nacional y, en particular el presidente Macri (son\u00f3 fuerte el MMLPQTP).<\/p>\n<p>La dirigente de\u00a0Madres de Plaza de Mayo L\u00ednea Fundadora,\u00a0Taty Almeida,\u00a0convoc\u00f3 por su parte a marchar hasta el Cabildo porte\u00f1o a cantar el himno nacional porque \u201cla patria est\u00e1 en peligro\u201d, seg\u00fan consider\u00f3 en un video que se viraliz\u00f3 por las redes sociales.<\/p>\n<p>A trav\u00e9s de una serie de videos que se viralizaron por las redes sociales, actores como\u00a0Pablo Echarri, Rodrigo de la Serna, Paola Barrientos, Leonardo Sbaraglia, Rita Cortese, Gerardo Romano y Dar\u00edo Grandinetti\u00a0tambi\u00e9n hab\u00edan llamado a movilizarse.<\/p>\n<h6>Fuente: InfoNews<\/h6>\n","protected":false},"excerpt":{"rendered":"<p>Bajo la consigna \u201cLa patria est\u00e1 en peligro\u201d, decenas de miles de personas celebraron el 25 de mayo y protestaron contra las pol\u00edticas socioecon\u00f3micas de la administraci\u00f3n macrista y el regreso al Fondo Monetario Internacional.<\/p>\n","protected":false},"author":2,"featured_media":77123,"comment_status":"closed","ping_status":"closed","sticky":false,"template":"","format":"standard","meta":{"footnotes":""},"categories":[8],"tags":[21],"class_list":["post-77122","post","type-post","status-publish","format-standard","has-post-thumbnail","hentry","category-informe-nacional","tag-argentina"],"_links":{"self":[{"href":"http:\/\/argentinamunicipal.com.ar\/argentina\/wp-json\/wp\/v2\/posts\/77122","targetHints":{"allow":["GET"]}}],"collection":[{"href":"http:\/\/argentinamunicipal.com.ar\/argentina\/wp-json\/wp\/v2\/posts"}],"about":[{"href":"http:\/\/argentinamunicipal.com.ar\/argentina\/wp-json\/wp\/v2\/types\/post"}],"author":[{"embeddable":true,"href":"http:\/\/argentinamunicipal.com.ar\/argentina\/wp-json\/wp\/v2\/users\/2"}],"replies":[{"embeddable":true,"href":"http:\/\/argentinamunicipal.com.ar\/argentina\/wp-json\/wp\/v2\/comments?post=77122"}],"version-history":[{"count":0,"href":"http:\/\/argentinamunicipal.com.ar\/argentina\/wp-json\/wp\/v2\/posts\/77122\/revisions"}],"wp:featuredmedia":[{"embeddable":true,"href":"http:\/\/argentinamunicipal.com.ar\/argentina\/wp-json\/wp\/v2\/media\/77123"}],"wp:attachment":[{"href":"http:\/\/argentinamunicipal.com.ar\/argentina\/wp-json\/wp\/v2\/media?parent=77122"}],"wp:term":[{"taxonomy":"category","embeddable":true,"href":"http:\/\/argentinamunicipal.com.ar\/argentina\/wp-json\/wp\/v2\/categories?post=77122"},{"taxonomy":"post_tag","embeddable":true,"href":"http:\/\/argentinamunicipal.com.ar\/argentina\/wp-json\/wp\/v2\/tags?post=77122"}],"curies":[{"name":"wp","href":"https:\/\/api.w.org\/{rel}","templated":true}]}}