{"id":77125,"date":"2018-05-28T20:59:41","date_gmt":"2018-05-28T23:59:41","guid":{"rendered":"http:\/\/argentinamunicipal.com.ar\/argentina\/?p=77125"},"modified":"2018-05-28T20:59:41","modified_gmt":"2018-05-28T23:59:41","slug":"arranco-la-marcha-federal-de-los-movimientos-sociales","status":"publish","type":"post","link":"http:\/\/argentinamunicipal.com.ar\/argentina\/arranco-la-marcha-federal-de-los-movimientos-sociales\/","title":{"rendered":"Arranc\u00f3 la marcha federal de los movimientos sociales"},"content":{"rendered":"<p>Las columnas de manifestantes partieron desde La Quiaca, La Rioja, Posadas, Bariloche y Ushuaia para exigir el fin de las pol\u00edticas de ajuste impuestas por el gobierno de Mauricio Macri. Esperan llegar al Congreso el pr\u00f3ximo viernes. \u201cVamos a hacer todo lo posible para no volver al infierno de 2001&#8243;, enfatiz\u00f3 Juan Grabois, l\u00edder de la CTEP. Es la segunda movilizaci\u00f3n de alcance nacional en menos de quince d\u00edas; la anterior fue la de los docentes.<\/p>\n<p>\u201cVamos a hacer todo lo posible para no volver al infierno de 2001, cuando los pibes se nos ca\u00edan de las manos\u201d, enfatiz\u00f3 el titular de la Confederaci\u00f3n de Trabajadores por la Econom\u00eda Popular (CTEP), Juan Grabois, para definir uno de los principales objetivos de la marcha federal de los movimientos sociales que hoy tiene\u00a0su puntapi\u00e9 inicial en cinco ciudades de todo el pa\u00eds. En el Obelisco fue instalada desde esta ma\u00f1ana una olla popular, que ser\u00e1 el s\u00edmbolo de los reclamos que recorrer\u00e1n el pa\u00eds y llegar\u00e1n el viernes al Congreso con\u00a0cinco proyectos de ley\u00a0bajo el brazo, destinados a dar respuesta a las demandas de los sectores m\u00e1s vulnerables.<\/p>\n<p>La Marcha Federal por Pan y Trabajo es la segunda movilizaci\u00f3n de alcance nacional convocada por organizaciones con presencia en todo el territorio argentino\u00a0que en menos de quince d\u00edas se realiza para pedirle\u00a0a la gesti\u00f3n de Mauricio Macri que d\u00e9 marcha atr\u00e1s con sus pol\u00edticas de ajuste permanente. La anterior fue la de los docentes, que culmin\u00f3 la semana pasada con un paro nacional y una masiva presencia de organizaciones gremiales y maestros de varias provincias en la Plaza de Mayo.<\/p>\n<p>Las caravanas que marchar\u00e1n durante toda la semana intentar\u00e1n visibilizar la problem\u00e1tica social y evitar los ajustes que la administraci\u00f3n de Mauricio Macri discute con el FMI. \u201cEl Gobierno est\u00e1 empe\u00f1ado en ir a toda velocidad contra una pared sin entender que las medidas que toma no cierran socialmente\u201d, critic\u00f3 el titular de Barrios de Pie, Daniel Men\u00e9ndez, desde La Quiaca, ciudad desde la que se dar\u00e1 el puntapi\u00e9 inicial a la movilizaci\u00f3n.<\/p>\n<p>La olla popular de la Plaza de la Rep\u00fablica es una de las tantas que se instalar\u00e1n desde hoy y hasta el viernes en repudio a las pol\u00edticas de ajuste de la administraci\u00f3n de Mauricio Macri y al acuerdo que se negocia con el Fondo Monetario Internacional. Esta olla es parte de las tantas que habr\u00e1 en al menos una veintena de ciudades de todo el pa\u00eds por donde pasar\u00e1 la marcha que evoca las que la CTA realizara durante el menemismo y el gobierno de la Alianza. De hecho, varios dirigentes de entonces, como el ex titular de la CTA V\u00edctor De Gennaro, viajan con ellos.<\/p>\n<p>En di\u00e1logo con radio Blue, Men\u00e9ndez plante\u00f3 que \u201cante el colapso social\u201d que est\u00e1 produciendo el Gobierno \u201cestamos haciendo lo posible para llevar propuestas, se\u00f1alar que se declare la emergencia alimentaria y que haya pol\u00edticas a partir de la obra p\u00fablica que generen empleo\u201d.<\/p>\n<p>Men\u00e9ndez inform\u00f3 que, seg\u00fan un estudio realizado por Barrios de Pie en\u00a020 mil chicos 0 a 12, \u201cel 42 por ciento est\u00e1 en una situaci\u00f3n de malnutrici\u00f3n\u201d.\u00a0Sin embargo, agreg\u00f3, \u201cel Gobierno est\u00e1 empe\u00f1ado en ir a toda velocidad contra una pared, porque lo que no entiende es que estas medidas socialmente no cierran y que cada vez va a haber m\u00e1s conflictividad\u201d.<\/p>\n<p>Se espera que a medida que la marcha avance, sume adhesiones y acreciente su convocatoria desde los cinco puntos geogr\u00e1ficos de su lanzamiento: La Quiaca, La Rioja, Posadas, Bariloche y Ushuaia. Es decir, desde todos los\u00a0 puntos cardinales del pa\u00eds.<\/p>\n<p>Los organizadores reconocieron que tienen una doble sensaci\u00f3n de esta iniciativa que vuelve a rodar despu\u00e9s de un tiempo. \u201cPor un lado tenemos la alegr\u00eda del trabajo organizativo de un pueblo que resiste y pelea, pero por otro lado nos queda la tristeza de volver al pasado\u201d, defini\u00f3 Grabois en una entrevista por Radio 10.<\/p>\n<p>Respecto del acuerdo entre el Gobierno y el Fondo Monetario, Grabois sostuvo que \u201cel FMI es igual a hambre, miseria, represi\u00f3n y ajuste contra los que menos tienen. Una cosa es tolerar un mal gobierno electo democr\u00e1ticamente y otra cosa es tolerar un tutelaje y una dictadura econ\u00f3mica extranjera\u201d.<\/p>\n<p>Por su parte, Men\u00e9ndez reconoci\u00f3 que \u201cel trato con el FMI y ya no deja mucho margen para el di\u00e1logo con el Gobierno\u201d y, por ello, inst\u00f3 a los funcionarios nacionales a reabrir los canales de di\u00e1logo. \u201cEn definitiva, lo peor que a ellos les puede pasar es perder las pr\u00f3ximas elecciones, que seguramente eso va a pasar. Pero van a dejar un pa\u00eds con un incremento de la pobreza y enormes dificultades. Y esto es lo que uno quiere evitar\u201d, concluy\u00f3.<\/p>\n<h6>Fuente: P\u00e1gina 12<\/h6>\n","protected":false},"excerpt":{"rendered":"<p>Las columnas de manifestantes partieron desde La Quiaca, La Rioja, Posadas, Bariloche y Ushuaia para exigir el fin de las pol\u00edticas de ajuste impuestas por el gobierno de Mauricio Macri<\/p>\n","protected":false},"author":2,"featured_media":77126,"comment_status":"closed","ping_status":"closed","sticky":false,"template":"","format":"standard","meta":{"footnotes":""},"categories":[8],"tags":[21],"class_list":["post-77125","post","type-post","status-publish","format-standard","has-post-thumbnail","hentry","category-informe-nacional","tag-argentina"],"_links":{"self":[{"href":"http:\/\/argentinamunicipal.com.ar\/argentina\/wp-json\/wp\/v2\/posts\/77125","targetHints":{"allow":["GET"]}}],"collection":[{"href":"http:\/\/argentinamunicipal.com.ar\/argentina\/wp-json\/wp\/v2\/posts"}],"about":[{"href":"http:\/\/argentinamunicipal.com.ar\/argentina\/wp-json\/wp\/v2\/types\/post"}],"author":[{"embeddable":true,"href":"http:\/\/argentinamunicipal.com.ar\/argentina\/wp-json\/wp\/v2\/users\/2"}],"replies":[{"embeddable":true,"href":"http:\/\/argentinamunicipal.com.ar\/argentina\/wp-json\/wp\/v2\/comments?post=77125"}],"version-history":[{"count":0,"href":"http:\/\/argentinamunicipal.com.ar\/argentina\/wp-json\/wp\/v2\/posts\/77125\/revisions"}],"wp:featuredmedia":[{"embeddable":true,"href":"http:\/\/argentinamunicipal.com.ar\/argentina\/wp-json\/wp\/v2\/media\/77126"}],"wp:attachment":[{"href":"http:\/\/argentinamunicipal.com.ar\/argentina\/wp-json\/wp\/v2\/media?parent=77125"}],"wp:term":[{"taxonomy":"category","embeddable":true,"href":"http:\/\/argentinamunicipal.com.ar\/argentina\/wp-json\/wp\/v2\/categories?post=77125"},{"taxonomy":"post_tag","embeddable":true,"href":"http:\/\/argentinamunicipal.com.ar\/argentina\/wp-json\/wp\/v2\/tags?post=77125"}],"curies":[{"name":"wp","href":"https:\/\/api.w.org\/{rel}","templated":true}]}}