{"id":77128,"date":"2018-05-28T21:02:58","date_gmt":"2018-05-29T00:02:58","guid":{"rendered":"http:\/\/argentinamunicipal.com.ar\/argentina\/?p=77128"},"modified":"2018-05-28T21:02:58","modified_gmt":"2018-05-29T00:02:58","slug":"cada-vez-mas-dependiente-del-financiamiento-externo","status":"publish","type":"post","link":"http:\/\/argentinamunicipal.com.ar\/argentina\/cada-vez-mas-dependiente-del-financiamiento-externo\/","title":{"rendered":"Cada vez m\u00e1s dependiente del financiamiento externo"},"content":{"rendered":"<p>La estabilidad cambiaria no est\u00e1 garantizada en el mediano plazo y podr\u00eda haber una nueva devaluaci\u00f3n del peso frente al d\u00f3lar si el Fondo Monetario Internacional (FMI) no confirma r\u00e1pido un cr\u00e9dito que blinde al pa\u00eds hasta fines de 2019.<\/p>\n<p>As\u00ed lo advirti\u00f3 un an\u00e1lisis del Instituto de Trabajo y Econom\u00eda de la Fundaci\u00f3n Germ\u00e1n Abdala, que subray\u00f3 la dependencia del pa\u00eds de una fuente de financiamiento del d\u00e9ficit de cuenta corriente de la balanza de pagos, que el a\u00f1o pasado roz\u00f3 el 5 por ciento del PIB.<\/p>\n<p>La virulencia de la reciente crisis cambiaria y la entrada en escena del FMI cambiaron en pocos d\u00edas el panorama macroecon\u00f3mico de la Argentina.<\/p>\n<p>M\u00e1s all\u00e1 de los disparadores de corto plazo de la crisis, las causas de fondo son las que el Instituto Germ\u00e1n Abdala viene remarcando desde hace dos a\u00f1os: la desregulaci\u00f3n del mercado financiero y el endeudamiento externo a gran escala.<\/p>\n<p>\u00abEsta situaci\u00f3n tiene como agravante el car\u00e1cter err\u00e1tico de la pol\u00edtica de administraci\u00f3n cambiaria ejecutada por el Banco Central, que pr\u00e1cticamente la totalidad del arco ideol\u00f3gico ha criticado\u00bb, dice el an\u00e1lisis difundido este lunes, seg\u00fan la agencia NA.<\/p>\n<p>El mismo informe se\u00f1ala que la \u00abactitud dubitativa\u00bb de la autoridad monetaria termin\u00f3 precipitando el \u00abregreso prematuro\u00bb del FMI a la escena econ\u00f3mica local.<\/p>\n<p>De cara al 2019, el informe advierte que el Gobierno nacional no podr\u00e1 mostrar la desaceleraci\u00f3n de la inflaci\u00f3n (antes de la corrida ya se descontaba el incumplimiento de la meta del 15 por ciento) y un crecimiento del PIB que no sea meramente estad\u00edstico.<\/p>\n<p>\u00abLo cierto es que en el mediano plazo la estabilidad cambiaria no est\u00e1 garantizada. La apuesta del Gobierno es clara: la combinaci\u00f3n del reaseguro del FMI (cuyos fondos supuestamente cubrir\u00edan las necesidades financieras hasta 2019) y el hecho de &#8216;atarse las manos&#8217; respecto de la reducci\u00f3n del d\u00e9ficit (impl\u00edcito en cualquier acuerdo con el organismo) es un intento por sostener el financiamiento del d\u00e9ficit de la cuenta corriente de la balanza de pagos\u00bb, se\u00f1ala el an\u00e1lisis.<\/p>\n<p>Si el FMI demuestra estar dispuesto a financiar este desequilibrio transitoriamente, el Gobierno habr\u00e1 ganado tiempo.<\/p>\n<p>Si no es as\u00ed, la sobreexposici\u00f3n de los inversores exranjeros a los papeles argentinos llevar\u00e1 a una mayor devaluaci\u00f3n, y la crisis cambiaria tender\u00e1 a recrudecer, advirti\u00f3\u00a0el Instituto.<\/p>\n<h6>Fuente: P\u00e1gina 12<\/h6>\n","protected":false},"excerpt":{"rendered":"<p>La estabilidad cambiaria no est\u00e1 garantizada en el mediano plazo y podr\u00eda haber una nueva devaluaci\u00f3n del peso frente al d\u00f3lar si el Fondo Monetario Internacional (FMI) no confirma r\u00e1pido un cr\u00e9dito que blinde al pa\u00eds hasta fines de 2019.<\/p>\n","protected":false},"author":2,"featured_media":77129,"comment_status":"closed","ping_status":"closed","sticky":false,"template":"","format":"standard","meta":{"footnotes":""},"categories":[8],"tags":[21],"class_list":["post-77128","post","type-post","status-publish","format-standard","has-post-thumbnail","hentry","category-informe-nacional","tag-argentina"],"_links":{"self":[{"href":"http:\/\/argentinamunicipal.com.ar\/argentina\/wp-json\/wp\/v2\/posts\/77128","targetHints":{"allow":["GET"]}}],"collection":[{"href":"http:\/\/argentinamunicipal.com.ar\/argentina\/wp-json\/wp\/v2\/posts"}],"about":[{"href":"http:\/\/argentinamunicipal.com.ar\/argentina\/wp-json\/wp\/v2\/types\/post"}],"author":[{"embeddable":true,"href":"http:\/\/argentinamunicipal.com.ar\/argentina\/wp-json\/wp\/v2\/users\/2"}],"replies":[{"embeddable":true,"href":"http:\/\/argentinamunicipal.com.ar\/argentina\/wp-json\/wp\/v2\/comments?post=77128"}],"version-history":[{"count":0,"href":"http:\/\/argentinamunicipal.com.ar\/argentina\/wp-json\/wp\/v2\/posts\/77128\/revisions"}],"wp:featuredmedia":[{"embeddable":true,"href":"http:\/\/argentinamunicipal.com.ar\/argentina\/wp-json\/wp\/v2\/media\/77129"}],"wp:attachment":[{"href":"http:\/\/argentinamunicipal.com.ar\/argentina\/wp-json\/wp\/v2\/media?parent=77128"}],"wp:term":[{"taxonomy":"category","embeddable":true,"href":"http:\/\/argentinamunicipal.com.ar\/argentina\/wp-json\/wp\/v2\/categories?post=77128"},{"taxonomy":"post_tag","embeddable":true,"href":"http:\/\/argentinamunicipal.com.ar\/argentina\/wp-json\/wp\/v2\/tags?post=77128"}],"curies":[{"name":"wp","href":"https:\/\/api.w.org\/{rel}","templated":true}]}}