{"id":77146,"date":"2018-05-28T21:27:03","date_gmt":"2018-05-29T00:27:03","guid":{"rendered":"http:\/\/argentinamunicipal.com.ar\/argentina\/?p=77146"},"modified":"2018-05-28T21:27:03","modified_gmt":"2018-05-29T00:27:03","slug":"naufragio-de-macri-en-las-encuestas-otra-consultora-muestra-que-mas-del-60-desaprueba-su-gestion","status":"publish","type":"post","link":"http:\/\/argentinamunicipal.com.ar\/argentina\/naufragio-de-macri-en-las-encuestas-otra-consultora-muestra-que-mas-del-60-desaprueba-su-gestion\/","title":{"rendered":"Naufragio de Macri en las encuestas: otra consultora muestra que m\u00e1s del 60% desaprueba su gesti\u00f3n"},"content":{"rendered":"<p>Un estudio realizado por Reale Dalla Torre se\u00f1al\u00f3 que la disconformidad con la situaci\u00f3n econ\u00f3mica alcanz\u00f3 el 76% y el 62% tiene expectativas negativas se cara a lo que se viene.<\/p>\n<p>La gesti\u00f3n de Cambiemos en el pa\u00eds encabezada por el presidente, Mauricio Macri, atraviesa el momento pol\u00edtico m\u00e1s complicado desde que se hicieron con el mando. En ese sentido,\u00a0el mandatario no hace pie en las encuestas y los n\u00fameros no le cierran. La sociedad expresa su disgusto y preocupaci\u00f3n tambi\u00e9n a trav\u00e9s de las encuestas.<\/p>\n<p>En este caso,\u00a0un an\u00e1lisis realizado por Reale Dalla Torre se\u00f1al\u00f3 que la desaprobaci\u00f3n a la administraci\u00f3n de Macri alcanza al 62% de los consultados. Mientras que\u00a0los disconformes con la situaci\u00f3n econ\u00f3mica llegan al 76% y cuando se pregunta por las expectativas econ\u00f3micas, el 62% las percibe como negativas.<\/p>\n<p>Adem\u00e1s, el 61% no est\u00e1 conforme con su situaci\u00f3n econ\u00f3mica personal. Estos datos fueron arrojados durante una encuesta que se realiz\u00f3 entre el 15 y el 19 de mayo a nivel nacional y alcanz\u00f3 a 1.181 personas.<\/p>\n<p>D\u00edas atr\u00e1s la consultora Poliarqu\u00eda difundi\u00f3 una encuesta, realizada entre el 4 y el 15 de mayo, en la que se\u00f1al\u00f3 que \u00abla ca\u00edda en la imagen del l\u00edder de Cambiemos es similar a la que sufri\u00f3 Cristina durante la crisis con el campo. Pero es menor que la que le toc\u00f3 al propio Macri cuando reci\u00e9n asum\u00eda y aval\u00f3 un pol\u00e9mico acuerdo (frustrado cuando trascendi\u00f3 p\u00fablicamente) por una deuda millonaria del Correo Argentino que gerenci\u00f3 su familia\u00bb.<\/p>\n<p>Para Marta Reale, directora de proyectos de la Consultora, un punto complicado de la muestra es que si bien la gesti\u00f3n Macri viene perdiendo aprobaci\u00f3n \u00abno hay nadie que capitalice el descontento\u00bb.<\/p>\n<p>A su vez afirm\u00f3 que, si bien Cristina Fern\u00e1ndez tiene el 22,3% de intenci\u00f3n de voto, casi a 7 puntos del 30% que logra Cambiemos, el Partido Peronista saca el 10,3%. Tambi\u00e9n advirti\u00f3 que el peronismo no kirchnerista tiene el mismo porcentaje de votos que el que obtiene qui\u00e9n votar\u00eda a \u00abotros\u00bb.<\/p>\n<p>Al mismo tiempo aclar\u00f3 que ve \u201cdif\u00edcil\u201d que CFK \u201cvuelva al gobierno. Salvo que se deteriore m\u00e1s la situaci\u00f3n, la veo con problemas para pasar el 30% de los votos\u00bb.<\/p>\n<p>Finalmente, consider\u00f3 que \u201cimpact\u00f3 la ley de Reforma Previsional, debido a que la sociedad lo percibi\u00f3 como algo negativo contra los m\u00e1s d\u00e9biles, y luego vinieron los tarifazos y ahora la alerta que gener\u00f3 la crisis cambiaria.\u00a0 Estos aspectos est\u00e1n mellando fuerte en el electorado de Cambiemos\u00bb.<\/p>\n<h6>Fuente: InfoCielo<\/h6>\n","protected":false},"excerpt":{"rendered":"<p>Un estudio realizado por Reale Dalla Torre se\u00f1al\u00f3 que la disconformidad con la situaci\u00f3n econ\u00f3mica alcanz\u00f3 el 76% y el 62% tiene expectativas negativas se cara a lo que se viene.<\/p>\n","protected":false},"author":2,"featured_media":77147,"comment_status":"closed","ping_status":"closed","sticky":false,"template":"","format":"standard","meta":{"footnotes":""},"categories":[8],"tags":[21],"class_list":["post-77146","post","type-post","status-publish","format-standard","has-post-thumbnail","hentry","category-informe-nacional","tag-argentina"],"_links":{"self":[{"href":"http:\/\/argentinamunicipal.com.ar\/argentina\/wp-json\/wp\/v2\/posts\/77146","targetHints":{"allow":["GET"]}}],"collection":[{"href":"http:\/\/argentinamunicipal.com.ar\/argentina\/wp-json\/wp\/v2\/posts"}],"about":[{"href":"http:\/\/argentinamunicipal.com.ar\/argentina\/wp-json\/wp\/v2\/types\/post"}],"author":[{"embeddable":true,"href":"http:\/\/argentinamunicipal.com.ar\/argentina\/wp-json\/wp\/v2\/users\/2"}],"replies":[{"embeddable":true,"href":"http:\/\/argentinamunicipal.com.ar\/argentina\/wp-json\/wp\/v2\/comments?post=77146"}],"version-history":[{"count":0,"href":"http:\/\/argentinamunicipal.com.ar\/argentina\/wp-json\/wp\/v2\/posts\/77146\/revisions"}],"wp:featuredmedia":[{"embeddable":true,"href":"http:\/\/argentinamunicipal.com.ar\/argentina\/wp-json\/wp\/v2\/media\/77147"}],"wp:attachment":[{"href":"http:\/\/argentinamunicipal.com.ar\/argentina\/wp-json\/wp\/v2\/media?parent=77146"}],"wp:term":[{"taxonomy":"category","embeddable":true,"href":"http:\/\/argentinamunicipal.com.ar\/argentina\/wp-json\/wp\/v2\/categories?post=77146"},{"taxonomy":"post_tag","embeddable":true,"href":"http:\/\/argentinamunicipal.com.ar\/argentina\/wp-json\/wp\/v2\/tags?post=77146"}],"curies":[{"name":"wp","href":"https:\/\/api.w.org\/{rel}","templated":true}]}}