{"id":77155,"date":"2018-05-28T21:42:15","date_gmt":"2018-05-29T00:42:15","guid":{"rendered":"http:\/\/argentinamunicipal.com.ar\/argentina\/?p=77155"},"modified":"2018-05-28T21:42:15","modified_gmt":"2018-05-29T00:42:15","slug":"si-se-vota-lula-gana","status":"publish","type":"post","link":"http:\/\/argentinamunicipal.com.ar\/argentina\/si-se-vota-lula-gana\/","title":{"rendered":"\u201cSi se vota, Lula gana\u201d"},"content":{"rendered":"<p>Desde su celda de 15 metros cuadrados en Curitiba, Lula apadrin\u00f3 el inicio de la campa\u00f1a para los comicios del 7 de octubre. Afuera, militantes petistas le dedicaban consignas a quien lidera los sondeos<\/p>\n<p>\u201cLula es el \u00fanico que puede para este golpe\u201d. En un San Pablo fr\u00edo y pr\u00e1cticamente sin transportes por el bloqueo de los camioneros el PT lanz\u00f3 ayer a la noche la candidatura presidencial de Luiz In\u00e1cio Lula da Silva. Adriano Diogo, dirigente petista y ex preso pol\u00edtico, puso de relieve la importancia de formalizar la postulaci\u00f3n al cumplirse siete d\u00edas de iniciada la medida de fuerza de los transportistas que par\u00f3 al pa\u00eds.<\/p>\n<p>\u201cTemer moviliz\u00f3 a las tropas militares en lugar de dialogar con los camioneros, la situaci\u00f3n es grav\u00edsima, puede haber un golpe dentro del golpe, el \u00fanico que tiene capacidad de redemocratizar el pa\u00eds es Lula, pero tienen que dejarlo ser candidato y tiene que haber elecciones\u201d.<\/p>\n<p>El ex mandatario cumpli\u00f3 50 d\u00edas preso en la sure\u00f1a Curitiba donde purga una pena firmada por el juez Sergio Moro, luego ratificada por los camaristas del Tribunal Regional Federal 4.<\/p>\n<p>Decenas de militantes le cantaron \u201cbuen d\u00eda presidente\u201d ayer desde las carpas montadas por petistas, campesinos sin tierra y sindicalistas a 150 metros de la Superintendencia de la Polic\u00eda Federal en Curitiba.<\/p>\n<p>La ausencia de pruebas sobre la supuesta corrupci\u00f3n de Lula no le hizo temblar la mano a Moro para firmar una sentencia pol\u00e9mica. El juez de primera instancia lleg\u00f3 a ser el brasile\u00f1o m\u00e1s popular en el \u00e1pice de la causa Lava Jato, hace dos a\u00f1os, cuando bajaba la aceptaci\u00f3n de Lula.<\/p>\n<p>El apoyo de la opini\u00f3n p\u00fablica (o publicada) a favor de Moro se nutri\u00f3 de la excitaci\u00f3n colectiva que acompa\u00f1\u00f3 a la asonada concluida con la ca\u00edda de Dilma Rousseff y sent\u00f3 a Michel Temer en el Palacio del Planalto.<\/p>\n<p>Con el correr de los meses comenz\u00f3 a develarse la liviandad de las acusaciones del juez tantas veces premiado en Estados Unidos, pa\u00eds al que viaj\u00f3 tres veces este a\u00f1o. As\u00ed como la corrupci\u00f3n del gobierno de facto -que hab\u00eda prometido moralizar la naci\u00f3n- y la naturaleza impiadosa del ajuste que dej\u00f3 casi 14 millones de desocupados y aument\u00f3 el gasoil un 50 por ciento entre julio y mayo, per\u00edodo en el cual los salarios crecieron nada.<\/p>\n<p>Desde su celda de 15 metros cuadrados en la Superintendencia policial, \u00a0Lula apadrin\u00f3 el inicio de la campa\u00f1a como precandidato en los comicios del 7 de octubre. Lanzarse a la pelea presidencial fue una decisi\u00f3n osada porque todo indica que la justicia (o mejor, quienes la administran como si fuera un partido), probablemente no lo dejar\u00e1 en libertad antes de las elecciones. Tendr\u00e1 que hacer la campa\u00f1a en cautiverio.<\/p>\n<p>A\u00fan as\u00ed fue un movimiento de piezas realista, surgido de un c\u00e1lculo pol\u00edtico meticuloso. Siendo precandidato, el prisionero de Curitiba se afirma como un actor pol\u00edtico gravitante, en torno de quien orbitan los dem\u00e1s aspirantes.<\/p>\n<p>Lula tiene el 31 por ciento de intenciones de voto contra el entre 15 y 17 por ciento del precandidato y capit\u00e1n retirado del Ej\u00e9rcito, Jair Bolsonaro, y el 10 por ciento de la ambientalista Marina Silva de acuerdo con una encuesta publicada hace quince d\u00edas por la Confederaci\u00f3n Nacional del Transporte. Otra consulta de divulgada la semana pasada por la agencia Ipsos mostr\u00f3 al petista con el 45 por ciento de aprobaci\u00f3n, superando por cinco puntos al juez Moro, que sigue siendo el personaje de derecha que mejor mide. Y no s\u00f3lo eso, el rechazo de Lula se situ\u00f3 en 52 por ciento, que es alto, pero se redujo 5 puntos desde la consulta anterior.<\/p>\n<p>El rechazo de Moro creci\u00f3 al 50 por ciento y el de Michel Temer al 92.<\/p>\n<p>Ayer la nominaci\u00f3n de Lula como precandidato fue motivo de actos en San Pablo, Brasilia y otras capitales al borde del colapso por el desabastecimiento que causan los bloqueos.<\/p>\n<p>\u201cBrasil, Argentina, Alemania, todo el mundo sabe que, si se vota, Lula gana\u201d, core\u00f3 un grupo de militantes frente al Banco Central, en Brasilia.<\/p>\n<p>Ser\u00eda fr\u00edvolo anticipar cu\u00e1l ser\u00e1 el impacto electoral del estremecimiento causado por la medida de fuerza que comenz\u00f3 como un lockout patronal y fue mutando hacia un reclamo en el que participan decenas de miles de camioneros cuentrapopistas, que viven de su trabajo. Es sensato, eso s\u00ed, suponer que el desastre econ\u00f3mico que alimenta la protesta puede aumentar las intenciones de voto de Lula. Y quiz\u00e1 tambi\u00e9n las de Bolsonaro.<\/p>\n<h6>Fuente: P\u00e1gina 12<\/h6>\n","protected":false},"excerpt":{"rendered":"<p>Desde su celda de 15 metros cuadrados en Curitiba, Lula apadrin\u00f3 el inicio de la campa\u00f1a para los comicios del 7 de octubre. Afuera, militantes petistas le dedicaban consignas a quien lidera los sondeos.<\/p>\n","protected":false},"author":2,"featured_media":77156,"comment_status":"closed","ping_status":"closed","sticky":false,"template":"","format":"standard","meta":{"footnotes":""},"categories":[22],"tags":[57],"class_list":["post-77155","post","type-post","status-publish","format-standard","has-post-thumbnail","hentry","category-el-mundo","tag-el-mundo"],"_links":{"self":[{"href":"http:\/\/argentinamunicipal.com.ar\/argentina\/wp-json\/wp\/v2\/posts\/77155","targetHints":{"allow":["GET"]}}],"collection":[{"href":"http:\/\/argentinamunicipal.com.ar\/argentina\/wp-json\/wp\/v2\/posts"}],"about":[{"href":"http:\/\/argentinamunicipal.com.ar\/argentina\/wp-json\/wp\/v2\/types\/post"}],"author":[{"embeddable":true,"href":"http:\/\/argentinamunicipal.com.ar\/argentina\/wp-json\/wp\/v2\/users\/2"}],"replies":[{"embeddable":true,"href":"http:\/\/argentinamunicipal.com.ar\/argentina\/wp-json\/wp\/v2\/comments?post=77155"}],"version-history":[{"count":0,"href":"http:\/\/argentinamunicipal.com.ar\/argentina\/wp-json\/wp\/v2\/posts\/77155\/revisions"}],"wp:featuredmedia":[{"embeddable":true,"href":"http:\/\/argentinamunicipal.com.ar\/argentina\/wp-json\/wp\/v2\/media\/77156"}],"wp:attachment":[{"href":"http:\/\/argentinamunicipal.com.ar\/argentina\/wp-json\/wp\/v2\/media?parent=77155"}],"wp:term":[{"taxonomy":"category","embeddable":true,"href":"http:\/\/argentinamunicipal.com.ar\/argentina\/wp-json\/wp\/v2\/categories?post=77155"},{"taxonomy":"post_tag","embeddable":true,"href":"http:\/\/argentinamunicipal.com.ar\/argentina\/wp-json\/wp\/v2\/tags?post=77155"}],"curies":[{"name":"wp","href":"https:\/\/api.w.org\/{rel}","templated":true}]}}