{"id":77164,"date":"2018-05-28T21:58:22","date_gmt":"2018-05-29T00:58:22","guid":{"rendered":"http:\/\/argentinamunicipal.com.ar\/argentina\/?p=77164"},"modified":"2018-05-28T21:58:22","modified_gmt":"2018-05-29T00:58:22","slug":"renuncio-el-presidente-de-paraguay-horacio-cartes","status":"publish","type":"post","link":"http:\/\/argentinamunicipal.com.ar\/argentina\/renuncio-el-presidente-de-paraguay-horacio-cartes\/","title":{"rendered":"Renunci\u00f3 el presidente de Paraguay, Horacio Cartes"},"content":{"rendered":"<p>\u00abEl objetivo es asumir como senador activo\u00bb, dice en su carta de renuncia.<br \/>\nHoracio Cartes\u00a0present\u00f3 hoy su renuncia como presidente de Paraguay con miras a asumir como senador el 1 de julio, tras ganar un esca\u00f1o en las elecciones del 22 de abril, y no caer en la duplicidad de funciones.<\/p>\n<p>La renuncia de Cartes debe ahora ser aprobada o rechazada en sesi\u00f3n extraordinaria de ambas C\u00e1maras del Congreso<\/p>\n<p>\u00abPresento mi renuncia al cargo de Presidente de la Rep\u00fablica del Paraguay. Para continuar sirviendo al pa\u00eds desde el Senado de la Naci\u00f3n, cumpliendo con la voluntad popular depositada en las urnas. \u00a1Dios bendiga al Paraguay\u00a1\u00bb, public\u00f3 Cartes en su cuenta de\u00a0Twitter.<\/p>\n<p>Una mujer al poder<\/p>\n<p>De ser aprobada la renuncia, la Presidencia recaer\u00e1 en la actual vicepresidenta, Alicia Pucheta, que se convertir\u00eda en la primera mujer paraguaya en ocupar la jefatura del Ejecutivo.<\/p>\n<p>Sin embargo, Pucheta estar\u00e1 hasta el 15 de agosto, cuando asumir\u00e1 el Gobierno de Mario Abdo Ben\u00edtez, ganador de las elecciones de abril, tambi\u00e9n del Partido Colorado.<\/p>\n<p>Cartes adem\u00e1s comunic\u00f3 su renuncia mediante una carta al presidente del Congreso, Fernando Lugo, en la que dice que se da \u00aben cumplimiento a la decisi\u00f3n democr\u00e1tica del pueblo expresada en las urnas el pasado 22 de abril, que me eligi\u00f3 para el cargo de Senador de la Naci\u00f3n para el periodo 2018\/2023\u00bb.<\/p>\n<p>\u00abHemos trabajado a lo largo de estos casi cinco a\u00f1os con total dedicaci\u00f3n para lograr el desarrollo de nuestra gran naci\u00f3n y ratifico mi prop\u00f3sito de seguir sirviendo a nuestro pa\u00eds y a nuestra gente con dignidad y patriotismo desde el Poder Legislativo de la Naci\u00f3n\u00bb, dice la misiva.<\/p>\n<p>Al mismo tiempo, varios legisladores del gobernante Partido Colorado presentaron a Lugo la petici\u00f3n para tratar esa renuncia el pr\u00f3ximo mi\u00e9rcoles en el Congreso.<\/p>\n<p>La formaci\u00f3n de Lugo, el Frente Guasu, anunci\u00f3 que se opondr\u00e1 a la renuncia.<\/p>\n<h6>Fuente: La Voz<\/h6>\n","protected":false},"excerpt":{"rendered":"<p>\u00abEl objetivo es asumir como senador activo\u00bb, dice en su carta de renuncia.<\/p>\n","protected":false},"author":2,"featured_media":77165,"comment_status":"closed","ping_status":"closed","sticky":false,"template":"","format":"standard","meta":{"footnotes":""},"categories":[22],"tags":[57],"class_list":["post-77164","post","type-post","status-publish","format-standard","has-post-thumbnail","hentry","category-el-mundo","tag-el-mundo"],"_links":{"self":[{"href":"http:\/\/argentinamunicipal.com.ar\/argentina\/wp-json\/wp\/v2\/posts\/77164","targetHints":{"allow":["GET"]}}],"collection":[{"href":"http:\/\/argentinamunicipal.com.ar\/argentina\/wp-json\/wp\/v2\/posts"}],"about":[{"href":"http:\/\/argentinamunicipal.com.ar\/argentina\/wp-json\/wp\/v2\/types\/post"}],"author":[{"embeddable":true,"href":"http:\/\/argentinamunicipal.com.ar\/argentina\/wp-json\/wp\/v2\/users\/2"}],"replies":[{"embeddable":true,"href":"http:\/\/argentinamunicipal.com.ar\/argentina\/wp-json\/wp\/v2\/comments?post=77164"}],"version-history":[{"count":0,"href":"http:\/\/argentinamunicipal.com.ar\/argentina\/wp-json\/wp\/v2\/posts\/77164\/revisions"}],"wp:featuredmedia":[{"embeddable":true,"href":"http:\/\/argentinamunicipal.com.ar\/argentina\/wp-json\/wp\/v2\/media\/77165"}],"wp:attachment":[{"href":"http:\/\/argentinamunicipal.com.ar\/argentina\/wp-json\/wp\/v2\/media?parent=77164"}],"wp:term":[{"taxonomy":"category","embeddable":true,"href":"http:\/\/argentinamunicipal.com.ar\/argentina\/wp-json\/wp\/v2\/categories?post=77164"},{"taxonomy":"post_tag","embeddable":true,"href":"http:\/\/argentinamunicipal.com.ar\/argentina\/wp-json\/wp\/v2\/tags?post=77164"}],"curies":[{"name":"wp","href":"https:\/\/api.w.org\/{rel}","templated":true}]}}