{"id":77243,"date":"2018-05-31T07:10:46","date_gmt":"2018-05-31T10:10:46","guid":{"rendered":"http:\/\/argentinamunicipal.com.ar\/argentina\/?p=77243"},"modified":"2018-05-31T07:10:46","modified_gmt":"2018-05-31T10:10:46","slug":"el-veto-cantado-que-ya-tiene-preparado-macri","status":"publish","type":"post","link":"http:\/\/argentinamunicipal.com.ar\/argentina\/el-veto-cantado-que-ya-tiene-preparado-macri\/","title":{"rendered":"El veto cantado que ya tiene preparado Macri"},"content":{"rendered":"<p>En el Gobierno se\u00f1alaban ayer que el Presidente buscar\u00e1 definir r\u00e1pidamente el veto de la ley que anoche trataba el Senado y que intentar\u00e1n que el tema desaparezca de la opini\u00f3n p\u00fablica lo antes posible. Reconocen que se rompi\u00f3 la relaci\u00f3n con el peronismo.<br \/>\nPor\u00a0Werner Pertot<\/p>\n<p>El presidente Mauricio Macri ya est\u00e1 poni\u00e9ndole tinta a la lapicera para firmar el veto de la ley que busca que los aumentos de tarifas no superen los de los salarios. Luego de que todas las estrategias fracasaran, desde las exigencias en videos hasta las negociaciones de \u00faltimo momento, ayer en el Gobierno indicaban que el mandatario buscar\u00e1 pasar r\u00e1pido por el mal trago e intentar\u00e1n que el tema desaparezca de la opini\u00f3n p\u00fablica lo m\u00e1s r\u00e1pidamente posible. La decisi\u00f3n se tomar\u00eda sin anuncios y sin estridencias, seg\u00fan comentaban ayer en la Rosada. Para los macristas, el Presidente ya pag\u00f3 el costo pol\u00edtico por esta decisi\u00f3n, de tan preanunciada que est\u00e1. Ayer la gobernadora bonaerense, Mar\u00eda Eugenia Vidal, sostuvo que despu\u00e9s del veto \u201cnada va a cambiar para los argentinos en ese esfuerzo enorme que tienen que hacer para pagar las tarifas\u201d.<\/p>\n<p>El oficialismo tuvo una actitud oscilante en su estrategia para frenar la ley contra el tarifazo. En Diputados hizo lo imposible por detener las sesiones especiales, hasta que no le qued\u00f3 otra que ir a afrontar una primera derrota legislativa. En el Senado, la estrategia al principio fue la misma: no negociar, cuestionar la \u201cracionalidad\u201d del proyecto e intentar dilatar los tiempos. En medio, pas\u00f3 el vendaval de la devaluaci\u00f3n y la corrida cambiaria. A \u00faltimo momento, los macristas comenzaron a ceder ante los planteos de un sector de los gobernadores, referenciados en el salte\u00f1o Juan Manuel Urtubey.<\/p>\n<p>Presentaron en los \u00faltimos d\u00edas un proyecto para bajar el IVA en las tarifas, algo que hab\u00edan conseguido eliminar del proyecto original en Diputados. Luego, en una \u00faltima reuni\u00f3n con Miguel Angel Pichetto, el ministro del Interior, Rogelio Frigerio, ofert\u00f3 sumar a la lista de concesiones el traspaso de Edesur y Edenor a la Ciudad y la provincia de Buenos Aires (no as\u00ed de AYSA). Esto respond\u00eda a un reclamo de los gobernadores de pasar las tres empresas. No incluyeron la empresa de agua, que tanto Vidal como Horacio Rodr\u00edguez Larreta resisten sumar a sus cuentas. Nada de esto sirvi\u00f3. \u201cYa es tarde\u201d, sentenci\u00f3 Pichetto, seg\u00fan relataron quienes participaron de la negociaci\u00f3n.<\/p>\n<p>Todo qued\u00f3 dispuesto, entonces, para la sesi\u00f3n de ayer y el veto veloz. En la Rosada, advert\u00edan que Macri la vetara no bien lo notifiquen de la sanci\u00f3n en el Congreso. Y lo har\u00e1 sin un anuncio p\u00fablico. \u201cEs un veto cantado a una ley muy mala. Breve y simple\u201d, repet\u00edan en los pasillos de Balcarce 50. Ayer el secretario legal y t\u00e9cnico, Pablo Clusellas, estaba d\u00e1ndole los \u00faltimos retoques legales al texto.<\/p>\n<p>En el Gobierno, por supuesto, evaluaron el costo pol\u00edtico que tendr\u00e1 esta decisi\u00f3n. Los macristas ningunean las encuestas que estuvieron circulando desde el peronismo: \u201cLa pregunta es si est\u00e1 o no a favor de la ley que le baja las tarifas. Hasta yo voto a favor\u201d, dec\u00eda un funcionario, quien se\u00f1alaba que las encuestas propias no dan una ca\u00edda tan dram\u00e1tica, ya que le agregan la consideraci\u00f3n del proyecto que rebajaba el IVA. Nadie niega, no obstante, que habr\u00e1 un costo. Pero algunos funcionarios consideran que, de alguna manera, se repartir\u00e1 con el peronismo, al que se esforzaron por mostrar como demag\u00f3gico y populista. De hecho, en su \u00faltimo video, Macri intent\u00f3 pegarlos a \u201clas locuras de Cristina Fern\u00e1ndez de Kirchner\u201d. Ante todo, logr\u00f3 cohesionarlos como pocas veces.<\/p>\n<p>Puentes dinamitados<br \/>\nOtra historia es c\u00f3mo quedan las relaciones con el \u201cperonismo racional\u201d, al que Macri no se cans\u00f3 de fustigar. Las l\u00edneas de di\u00e1logo que supieron mantener con Sergio Massa y con Pichetto quedaron claramente derruidas. En cambio, el gobernador Urtubey apareci\u00f3 en la mirada oficial como quien les tir\u00f3 una soga en un momento dif\u00edcil. No obstante, toda la disputa \u2013y la reacci\u00f3n furibunda de Macri\u2013 ponen en duda que se pueda avanzar con el gran acuerdo nacional que so\u00f1aban tras recurrir al FMI. Frigerio reconoci\u00f3 que a partir de ahora ser\u00e1 \u201cm\u00e1s complicado lograr consensos\u201d. \u201cHab\u00edamos logrado que la parte m\u00e1s racional del peronismo nos apoyara en muchos momentos dif\u00edciles porque somos el gobierno m\u00e1s d\u00e9bil en los \u00faltimos cien a\u00f1os\u201d, asegur\u00f3. En la Rosada piensan que a partir de hoy habr\u00e1 que volver a empezar: \u201cHay que reconstruir todo\u201d, dec\u00edan.<\/p>\n<p>Ayer la gobernadora Vidal defendi\u00f3 el veto, que dio por sentado, en una charla con socios del Rotary Club Buenos Aires. \u201cEspero que, si se sanciona la ley, esto nos deje a todos una lecci\u00f3n. No va a mejorar en nada la situaci\u00f3n de los argentinos que no tienen los recursos para afrontar las tarifas\u201d, afirm\u00f3 Vidal, quien reiter\u00f3 el rosario de argumentos oficiales. \u201cMa\u00f1ana o pasado, cuando el Presidente vete la ley, nada va a cambiar para los argentinos en ese esfuerzo enorme que tienen que hacer para pagar las tarifas\u201d, indic\u00f3.<\/p>\n<p>Frigerio confirm\u00f3 que el veto ser\u00e1 fulminante. \u201cEl Presidente fue muy claro en lo que iba a pasar con esta ley. No vamos a dudar ni un instante en hacer las cosas que tenemos que hacer\u201d, remarc\u00f3 el ministro, quien sostuvo que la ley \u201cafecta la previsibilidad y c\u00f3mo nos miran en el mundo\u201d. Y advirti\u00f3 que el veto ser\u00e1 tambi\u00e9n una se\u00f1al hacia el FMI en la negociaci\u00f3n que est\u00e1n llevando adelante: \u201cEl Presidente adelant\u00f3 el veto porque tenemos que sostener la confianza y credibilidad que tiene la Argentina en el mundo\u201d. \u201cTenemos que dar claras se\u00f1ales al mundo, ahora nos est\u00e1 mirando con mucha inquietud, de que no vamos a dudar ni un instante en hacer las cosas que tenemos que hacer\u201d, remarc\u00f3. No obstante, el hecho de que no hayan conseguido alinear a las otras fuerzas pol\u00edticas podr\u00eda ser le\u00eddo internacionalmente como una se\u00f1al de debilidad, m\u00e1s que como una fortaleza.<\/p>\n<h6>Fuente: P\u00e1gina 12<\/h6>\n","protected":false},"excerpt":{"rendered":"<p>En el Gobierno se\u00f1alaban ayer que el Presidente buscar\u00e1 definir r\u00e1pidamente el veto de la ley que anoche trataba el Senado y que intentar\u00e1n que el tema desaparezca de la opini\u00f3n p\u00fablica lo antes posible. Reconocen que se rompi\u00f3 la relaci\u00f3n con el peronismo.<\/p>\n","protected":false},"author":2,"featured_media":77244,"comment_status":"closed","ping_status":"closed","sticky":false,"template":"","format":"standard","meta":{"footnotes":""},"categories":[8],"tags":[21],"class_list":["post-77243","post","type-post","status-publish","format-standard","has-post-thumbnail","hentry","category-informe-nacional","tag-argentina"],"_links":{"self":[{"href":"http:\/\/argentinamunicipal.com.ar\/argentina\/wp-json\/wp\/v2\/posts\/77243","targetHints":{"allow":["GET"]}}],"collection":[{"href":"http:\/\/argentinamunicipal.com.ar\/argentina\/wp-json\/wp\/v2\/posts"}],"about":[{"href":"http:\/\/argentinamunicipal.com.ar\/argentina\/wp-json\/wp\/v2\/types\/post"}],"author":[{"embeddable":true,"href":"http:\/\/argentinamunicipal.com.ar\/argentina\/wp-json\/wp\/v2\/users\/2"}],"replies":[{"embeddable":true,"href":"http:\/\/argentinamunicipal.com.ar\/argentina\/wp-json\/wp\/v2\/comments?post=77243"}],"version-history":[{"count":0,"href":"http:\/\/argentinamunicipal.com.ar\/argentina\/wp-json\/wp\/v2\/posts\/77243\/revisions"}],"wp:featuredmedia":[{"embeddable":true,"href":"http:\/\/argentinamunicipal.com.ar\/argentina\/wp-json\/wp\/v2\/media\/77244"}],"wp:attachment":[{"href":"http:\/\/argentinamunicipal.com.ar\/argentina\/wp-json\/wp\/v2\/media?parent=77243"}],"wp:term":[{"taxonomy":"category","embeddable":true,"href":"http:\/\/argentinamunicipal.com.ar\/argentina\/wp-json\/wp\/v2\/categories?post=77243"},{"taxonomy":"post_tag","embeddable":true,"href":"http:\/\/argentinamunicipal.com.ar\/argentina\/wp-json\/wp\/v2\/tags?post=77243"}],"curies":[{"name":"wp","href":"https:\/\/api.w.org\/{rel}","templated":true}]}}