{"id":77249,"date":"2018-05-31T05:21:53","date_gmt":"2018-05-31T08:21:53","guid":{"rendered":"http:\/\/argentinamunicipal.com.ar\/argentina\/?p=77249"},"modified":"2018-05-31T07:23:51","modified_gmt":"2018-05-31T10:23:51","slug":"el-empleo-industrial-pierde-26-a-2","status":"publish","type":"post","link":"http:\/\/argentinamunicipal.com.ar\/argentina\/el-empleo-industrial-pierde-26-a-2\/","title":{"rendered":"El empleo industrial pierde 26 a 2"},"content":{"rendered":"<p>El Ministerio de Trabajo confirm\u00f3 una ca\u00edda de 900 puestos fabriles en marzo contra febrero, m\u00e1s de 15 mil en la comparaci\u00f3n interanual y m\u00e1s de 63 mil desde que gobierna Macri. Puestos precarios compensan esas p\u00e9rdidas.<\/p>\n<p>La t\u00edmida mejora que mostr\u00f3 la industria durante el primer trimestre del a\u00f1o no estuvo acompa\u00f1ada por la creaci\u00f3n de puestos de trabajo. La actividad manufacturera contabiliz\u00f3 en marzo 15.160 empleos menos que en el mismo per\u00edodo del a\u00f1o pasado y una leve retracci\u00f3n de 900 posiciones mensuales. La ocupaci\u00f3n en la industria registr\u00f3 as\u00ed 26 ca\u00eddas a lo largo de los \u00faltimos 28 meses. Los registros del Sistema Integrado Previsional Argentino (SIPA) dan cuenta de la destrucci\u00f3n de 63.140 puestos desde que asumi\u00f3 el gobierno de Mauricio Macri en diciembre de 2015, lo que representa el 5,3 por ciento del empleo industrial. La apertura importadora y la p\u00e9rdida de poder adquisitivo de los trabajadores son los factores m\u00e1s relevantes para explicar el persistente fen\u00f3meno que reconfigura la estructura laboral del pa\u00eds.<\/p>\n<p>El escenario de \u201cm\u00e1s inflaci\u00f3n y menos crecimiento\u201d anticipado por el Palacio de Hacienda despu\u00e9s de la devaluaci\u00f3n amenaza con profundizar el deterioro en los niveles de empleo industrial. Entre las empresas que avanzaron en ese proceso figura la textil Alpargatas, que ayer despidi\u00f3 75 trabajadores en sus plantas de Corrientes y Catamarca. El relevamiento diario realizado por el responsable del sitio Infogremiales.com, Jorge Duarte, da cuenta adem\u00e1s de 119 cesant\u00edas en el fabricante de termotanques Rheem y la suspensi\u00f3n de 250 asalariados en la productora de electrodom\u00e9sticos MABE (ver aparte).<\/p>\n<p>Las consecuencias de la corrida cambiaria y el ajuste fiscal, sin embargo, amenazan tambi\u00e9n a las actividades que compensan la sostenida destrucci\u00f3n de empleo en la industria registrada a lo largo de los \u00faltimos dos a\u00f1os. Las estad\u00edsticas del SIPA registraron en marzo una mejora mensual sin estacionalidad de 13.100 asalariados, que en la comparaci\u00f3n contra el mismo per\u00edodo de 2017 asciende hasta 78.700 puestos. Los sectores que motorizan ese desempe\u00f1o son tres: construcci\u00f3n, comercio y servicios.<\/p>\n<p>\u201cLa foto del empleo en marzo es preocupante de cara al nuevo escenario econ\u00f3mico posdevaluaci\u00f3n. Los puestos de trabajo se expanden apenas por encima del crecimiento de la poblaci\u00f3n impulsado por sectores que se perfilan como los m\u00e1s afectados por la ca\u00edda del consumo y el ajuste en la obra p\u00fablica. Esos motores est\u00e1n en riesgo\u201d, expres\u00f3 el economista Diego Schlesser, del Centro de Estudios de Trabajo y Desarrollo de la Universidad de San Mart\u00edn. \u201cNo podemos esperar que exista una fuerte demanda de empleo ni en la industria ni el agro que pueda compensar ese escenario\u201d, advirti\u00f3 el director del Cetyd a P\u00e1ginaI12.<\/p>\n<p>Traccionada por la obra p\u00fablica y los cr\u00e9ditos hipotecarios indexados, la construcci\u00f3n anot\u00f3 1400 posiciones m\u00e1s que el mes anterior, que llegan a 31.600 empleos frente al mismo mes del a\u00f1o pasado. La decisi\u00f3n del gobierno de profundizar la reducci\u00f3n del gasto a trav\u00e9s del ajuste en obra p\u00fablica impactar\u00e1 de frente sobre el dinamismo laboral de la actividad. Las secuelas de la devaluaci\u00f3n y persistente inestabilidad financiera tambi\u00e9n ponen en riesgo el dinamismo de los cr\u00e9ditos UVA que afectar\u00e1, sobre todo, a la construcci\u00f3n privada. El sector Comercio y reparaciones, por su parte, sum\u00f3 1300 empleos en el mes y 13.500 posiciones m\u00e1s que un a\u00f1o atr\u00e1s. Tambi\u00e9n creci\u00f3 el empleo en sectores dependientes del dinamismo del mercado interno como Actividades inmobiliarias, empresariales y de alquiler, que incorpor\u00f3 5200 trabajadores frente a febrero y un total de 16.500 puestos contra marzo de 2017.<\/p>\n<p>Ante la ausencia de motores genuinos que impulsen el empleo privado, las autoridades del Ministerio de Trabajo enfatizaron la necesidad de avanzar con la reforma laboral. \u201cEl tiempo que se pierde es negativo para la creaci\u00f3n de empleo y las oportunidades de la gente\u201d, sostuvo un colaborador del ministro Jorge Triaca al reclamar el debate parlamentario de la iniciativa impulsada por el gobierno. Si adem\u00e1s de los asalariados del sector privado se contempla el resto de las categor\u00edas ocupacionales registradas, se observa la creaci\u00f3n de 187.300 empleos. La cifra representa una baja mensual de 14.000 puestos que sin estacionalidad se reducen hasta 1300 empleos. La din\u00e1mica observada a lo largo de los \u00faltimos dos a\u00f1os da cuenta de una precarizaci\u00f3n de la estructura laboral donde los sectores que m\u00e1s aportan a la creaci\u00f3n de empleo son los monotributistas, cuentapropistas y trabajadores no registrados.<\/p>\n<h6>Fuente: P\u00e1gina 12<\/h6>\n","protected":false},"excerpt":{"rendered":"<p>El Ministerio de Trabajo confirm\u00f3 una ca\u00edda de 900 puestos fabriles en marzo contra febrero, m\u00e1s de 15 mil en la comparaci\u00f3n interanual y m\u00e1s de 63 mil desde que gobierna Macri. Puestos precarios compensan esas p\u00e9rdidas.<\/p>\n","protected":false},"author":2,"featured_media":77250,"comment_status":"closed","ping_status":"closed","sticky":false,"template":"","format":"standard","meta":{"footnotes":""},"categories":[8],"tags":[21],"class_list":["post-77249","post","type-post","status-publish","format-standard","has-post-thumbnail","hentry","category-informe-nacional","tag-argentina"],"_links":{"self":[{"href":"http:\/\/argentinamunicipal.com.ar\/argentina\/wp-json\/wp\/v2\/posts\/77249","targetHints":{"allow":["GET"]}}],"collection":[{"href":"http:\/\/argentinamunicipal.com.ar\/argentina\/wp-json\/wp\/v2\/posts"}],"about":[{"href":"http:\/\/argentinamunicipal.com.ar\/argentina\/wp-json\/wp\/v2\/types\/post"}],"author":[{"embeddable":true,"href":"http:\/\/argentinamunicipal.com.ar\/argentina\/wp-json\/wp\/v2\/users\/2"}],"replies":[{"embeddable":true,"href":"http:\/\/argentinamunicipal.com.ar\/argentina\/wp-json\/wp\/v2\/comments?post=77249"}],"version-history":[{"count":0,"href":"http:\/\/argentinamunicipal.com.ar\/argentina\/wp-json\/wp\/v2\/posts\/77249\/revisions"}],"wp:featuredmedia":[{"embeddable":true,"href":"http:\/\/argentinamunicipal.com.ar\/argentina\/wp-json\/wp\/v2\/media\/77250"}],"wp:attachment":[{"href":"http:\/\/argentinamunicipal.com.ar\/argentina\/wp-json\/wp\/v2\/media?parent=77249"}],"wp:term":[{"taxonomy":"category","embeddable":true,"href":"http:\/\/argentinamunicipal.com.ar\/argentina\/wp-json\/wp\/v2\/categories?post=77249"},{"taxonomy":"post_tag","embeddable":true,"href":"http:\/\/argentinamunicipal.com.ar\/argentina\/wp-json\/wp\/v2\/tags?post=77249"}],"curies":[{"name":"wp","href":"https:\/\/api.w.org\/{rel}","templated":true}]}}