{"id":77292,"date":"2018-05-31T05:24:28","date_gmt":"2018-05-31T08:24:28","guid":{"rendered":"http:\/\/argentinamunicipal.com.ar\/argentina\/?p=77292"},"modified":"2018-05-31T08:26:43","modified_gmt":"2018-05-31T11:26:43","slug":"sin-gobierno-italia-sigue-a-la-deriva-politica","status":"publish","type":"post","link":"http:\/\/argentinamunicipal.com.ar\/argentina\/sin-gobierno-italia-sigue-a-la-deriva-politica\/","title":{"rendered":"Sin gobierno, Italia sigue a la deriva pol\u00edtica"},"content":{"rendered":"<p>\u201cO se va a votar inmediatamente, sin gobiernos tecn\u00f3cratas y sin perder tiempo, o hacemos que arranque este gobierno del cambio, eligiendo a otra persona (&#8230;) para ministro de Econom\u00eda\u201d, dijo Di Maio en un video publicado en la red social Facebook.<br \/>\nRoma.\u00a0El l\u00edder del Movimiento Cinco Estrellas (M5S), Luigi Di Maio, propuso ayer a la ultraderechista Liga acordar el nombre de otro candidato a ministro de Econom\u00eda, tras el veto del presidente de Italia, Sergio Mattarella, al euroesc\u00e9ptico Paolo Savona, mientras el pa\u00eds espera sumido en la incertidumbre.<\/p>\n<p>\u201cO se va a votar inmediatamente, sin gobiernos tecn\u00f3cratas y sin perder tiempo, o hacemos que arranque este gobierno del cambio, eligiendo a otra persona (&#8230;) para ministro de Econom\u00eda\u201d, dijo Di Maio en un video publicado en la red social Facebook.<\/p>\n<p>Se trata del en\u00e9simo giro pol\u00edtico que se produce en los \u00faltimos d\u00edas en Italia, que permanece sin que los partidos logren impulsar un gobierno desde las elecciones generales del 4 de marzo.<\/p>\n<p>El antisistema M5S y la ultraderechista Liga negociaban en las \u00faltimas semanas un Ejecutivo, eligieron al jurista Giuseppe Conte como primer ministro y acordaron una lista de ministros. En ese equipo de gobierno se inclu\u00eda el nombre de Savona, de 81 a\u00f1os, una figura cr\u00edtica con el euro y con la pol\u00edtica econ\u00f3mica de Alemania, que fue rechazado por Mattarella, quien aleg\u00f3 que su deber era \u201cproteger los ahorros de los italianos\u201d y mantener la confianza externa.<\/p>\n<p>El jefe del Estado imposibilit\u00f3 as\u00ed este Gobierno, formado por dos fuerzas que juntas hab\u00edan obtenido m\u00e1s del 50 por ciento de los votos en las urnas, y encarg\u00f3 el lunes la configuraci\u00f3n de un Ejecutivo al exdirectivo del Fondo Monetario Internacional (FMI) Carlo Cottarelli.<\/p>\n<h6>Fuente: La Voz<\/h6>\n","protected":false},"excerpt":{"rendered":"<p>\u201cO se va a votar inmediatamente, sin gobiernos tecn\u00f3cratas y sin perder tiempo, o hacemos que arranque este gobierno del cambio, eligiendo a otra persona (&#8230;) para ministro de Econom\u00eda\u201d, dijo Di Maio <\/p>\n","protected":false},"author":2,"featured_media":77293,"comment_status":"closed","ping_status":"closed","sticky":false,"template":"","format":"standard","meta":{"footnotes":""},"categories":[22],"tags":[57],"class_list":["post-77292","post","type-post","status-publish","format-standard","has-post-thumbnail","hentry","category-el-mundo","tag-el-mundo"],"_links":{"self":[{"href":"http:\/\/argentinamunicipal.com.ar\/argentina\/wp-json\/wp\/v2\/posts\/77292","targetHints":{"allow":["GET"]}}],"collection":[{"href":"http:\/\/argentinamunicipal.com.ar\/argentina\/wp-json\/wp\/v2\/posts"}],"about":[{"href":"http:\/\/argentinamunicipal.com.ar\/argentina\/wp-json\/wp\/v2\/types\/post"}],"author":[{"embeddable":true,"href":"http:\/\/argentinamunicipal.com.ar\/argentina\/wp-json\/wp\/v2\/users\/2"}],"replies":[{"embeddable":true,"href":"http:\/\/argentinamunicipal.com.ar\/argentina\/wp-json\/wp\/v2\/comments?post=77292"}],"version-history":[{"count":0,"href":"http:\/\/argentinamunicipal.com.ar\/argentina\/wp-json\/wp\/v2\/posts\/77292\/revisions"}],"wp:featuredmedia":[{"embeddable":true,"href":"http:\/\/argentinamunicipal.com.ar\/argentina\/wp-json\/wp\/v2\/media\/77293"}],"wp:attachment":[{"href":"http:\/\/argentinamunicipal.com.ar\/argentina\/wp-json\/wp\/v2\/media?parent=77292"}],"wp:term":[{"taxonomy":"category","embeddable":true,"href":"http:\/\/argentinamunicipal.com.ar\/argentina\/wp-json\/wp\/v2\/categories?post=77292"},{"taxonomy":"post_tag","embeddable":true,"href":"http:\/\/argentinamunicipal.com.ar\/argentina\/wp-json\/wp\/v2\/tags?post=77292"}],"curies":[{"name":"wp","href":"https:\/\/api.w.org\/{rel}","templated":true}]}}