{"id":77331,"date":"2018-06-01T07:23:22","date_gmt":"2018-06-01T10:23:22","guid":{"rendered":"http:\/\/argentinamunicipal.com.ar\/argentina\/?p=77331"},"modified":"2018-06-01T07:23:22","modified_gmt":"2018-06-01T10:23:22","slug":"una-medida-en-stand-by","status":"publish","type":"post","link":"http:\/\/argentinamunicipal.com.ar\/argentina\/una-medida-en-stand-by\/","title":{"rendered":"Una medida en stand by"},"content":{"rendered":"<p>Gordos y barrionuevistas consideran que hay razones para una medida de fuerza pero no de inmediato. Mientras tanto, las dos CTA realizar\u00e1n un plenario para realizar un paro el viernes 8 de junio.<\/p>\n<p>La ley que frenaba las tarifas se sancion\u00f3, el Poder Ejecutivo la vet\u00f3 y la medida de fuerza de la CGT qued\u00f3 en veremos. Dirigentes sindicales que militan en los gordos pero tambi\u00e9n en el barrionuevismo consideran que un paro s\u00f3lo por tarifas no es suficiente y, en todo caso, consideran que las condiciones objetivas las brindar\u00e1n las recetas del FMI y la reforma laboral que impulsa el gobierno de Mauricio Macri. Diferente es la posici\u00f3n de las dos CTA, las que conducen Hugo Yasky y Pablo Micheli, que anunciaron un plenario unificado para el pr\u00f3ximo lunes con la intenci\u00f3n de convocar a un paro nacional para el viernes 8 de junio. Un escenario de divisi\u00f3n sindical que s\u00f3lo beneficia al gobierno.<\/p>\n<p>Por estas horas, entre los gordos de la CGT hay consenso sobre la necesidad de esperar un poco m\u00e1s para convocar a una medida de fuerza. Ayer, dijeron, estuvieron mirando encuestas y los datos que arrojan no muestran un rechazo mayoritario al tema tarifas. A partir de eso concluyen que un paro s\u00f3lo por este tema no lograr\u00e1 el respaldo necesario. En todo caso sostienen que es preciso tener m\u00e1s precisiones de las exigencias del FMI entre las cuales ya anticipan el proyecto de reforma laboral que incluye la modificaci\u00f3n de las indemnizaciones, a favor de la patronal. \u201cTenemos que esperar el momento preciso y es cuando comienzan a caer las fichas del domin\u00f3. Eso encolumna y convoca a m\u00e1s gente\u201d, jura uno de los m\u00e1s encumbrados representantes de los gordos. En este sentido, el dirigente dice que por ahora no hay fecha para una reuni\u00f3n del Consejo Directivo y para la semana pr\u00f3xima s\u00f3lo est\u00e1 agendada la reuni\u00f3n con los senadores del bloque que conduce Miguel Pichetto que iba a realizarse ayer pero que se suspendi\u00f3 porque los senadores se quedaron hasta muy tarde en la sesi\u00f3n que aprob\u00f3 la ley contra el tarifazo.<\/p>\n<p>Los dirigentes que est\u00e1n en el Consejo Directivo y que responden al gastron\u00f3mico Luis Barrionuevo tienen una lectura similar a la de los gordos cuando dicen que lo de tarifas es serio pero no suficiente. Reconocen que \u201chay mucho disconformismo en la gente y nos est\u00e1 pidiendo que actuemos\u201d, dice uno de los miembros de este sector. A diferencia de lo que plantean los gordos, el barrionuevista dice que el Consejo Directivo debe reunirse la pr\u00f3xima semana \u201cpara trabajar el paro\u201d. No da fecha por una cuesti\u00f3n de respeto, dice, y aclara que es porque lo debe resolver el Consejo.<\/p>\n<p>Mientras tanto, gremios como camioneros y bancarios presionan para que la CGT llame de una vez al paro. Otros, como la UOM tambi\u00e9n habla de salir a la calle: \u201cTenemos el derecho constitucional de hacer o\u00edr nuestros reclamos y la realidad es que los trabajadores no podemos ser los que pagamos los errores de la pol\u00edtica econ\u00f3mica de este gobierno\u201d, asegur\u00f3 Francisco \u201cBarba\u201d Guti\u00e9rrez. En el gremio que conduce Antonio Cal\u00f3 consideran que hay motivos de sobra para convocar a una medida de lucha fuerte.<\/p>\n<p>Mientras tanto, las dos CTA convocaron para el pr\u00f3ximo lunes a un plenario nacional conjunto con el objetivo de convocar a un paro nacional con movilizaciones en todo el pa\u00eds. La intenci\u00f3n es que la medida de fuerza se realice el viernes 8 de junio para rechazar el ajuste, los despidos, el regreso del FMI y el veto presidencial a la ley que frenaba el tarifazo. Curiosamente son los mismos temas que los dirigentes de la CGT consultados dicen que debe tener la convocatoria a un paro pero de acuerdo al an\u00e1lisis que realizan reci\u00e9n se podr\u00eda hacer m\u00e1s adelante. Por lo pronto y como si nada hubiera sucedido, ayer el presidente Mauricio Macri dijo que si la CGT hace un paro nada cambiar\u00e1 y los convoc\u00f3 a trabajar por la productividad.<\/p>\n<h6>Fuente: P\u00e1gina 12<\/h6>\n","protected":false},"excerpt":{"rendered":"<p>Gordos y barrionuevistas consideran que hay razones para una medida de fuerza pero no de inmediato. Mientras tanto, las dos CTA realizar\u00e1n un plenario para realizar un paro el viernes 8 de junio.<\/p>\n","protected":false},"author":2,"featured_media":77332,"comment_status":"closed","ping_status":"closed","sticky":false,"template":"","format":"standard","meta":{"footnotes":""},"categories":[8],"tags":[21],"class_list":["post-77331","post","type-post","status-publish","format-standard","has-post-thumbnail","hentry","category-informe-nacional","tag-argentina"],"_links":{"self":[{"href":"http:\/\/argentinamunicipal.com.ar\/argentina\/wp-json\/wp\/v2\/posts\/77331","targetHints":{"allow":["GET"]}}],"collection":[{"href":"http:\/\/argentinamunicipal.com.ar\/argentina\/wp-json\/wp\/v2\/posts"}],"about":[{"href":"http:\/\/argentinamunicipal.com.ar\/argentina\/wp-json\/wp\/v2\/types\/post"}],"author":[{"embeddable":true,"href":"http:\/\/argentinamunicipal.com.ar\/argentina\/wp-json\/wp\/v2\/users\/2"}],"replies":[{"embeddable":true,"href":"http:\/\/argentinamunicipal.com.ar\/argentina\/wp-json\/wp\/v2\/comments?post=77331"}],"version-history":[{"count":0,"href":"http:\/\/argentinamunicipal.com.ar\/argentina\/wp-json\/wp\/v2\/posts\/77331\/revisions"}],"wp:featuredmedia":[{"embeddable":true,"href":"http:\/\/argentinamunicipal.com.ar\/argentina\/wp-json\/wp\/v2\/media\/77332"}],"wp:attachment":[{"href":"http:\/\/argentinamunicipal.com.ar\/argentina\/wp-json\/wp\/v2\/media?parent=77331"}],"wp:term":[{"taxonomy":"category","embeddable":true,"href":"http:\/\/argentinamunicipal.com.ar\/argentina\/wp-json\/wp\/v2\/categories?post=77331"},{"taxonomy":"post_tag","embeddable":true,"href":"http:\/\/argentinamunicipal.com.ar\/argentina\/wp-json\/wp\/v2\/tags?post=77331"}],"curies":[{"name":"wp","href":"https:\/\/api.w.org\/{rel}","templated":true}]}}