{"id":77334,"date":"2018-06-01T07:27:15","date_gmt":"2018-06-01T10:27:15","guid":{"rendered":"http:\/\/argentinamunicipal.com.ar\/argentina\/?p=77334"},"modified":"2018-06-01T07:27:15","modified_gmt":"2018-06-01T10:27:15","slug":"espana-un-regreso-por-la-puerta-grande","status":"publish","type":"post","link":"http:\/\/argentinamunicipal.com.ar\/argentina\/espana-un-regreso-por-la-puerta-grande\/","title":{"rendered":"Espa\u00f1a: Un regreso por la puerta grande"},"content":{"rendered":"<p>El l\u00edder del Partido Socialista Obrero Espa\u00f1ol (PSOE), Pedro S\u00e1nchez (foto), resurgi\u00f3 de las cenizas de la vida pol\u00edtica de Espa\u00f1a al ponerse a la cabeza de la moci\u00f3n de censura que presumiblemente desbancar\u00e1 hoy al presidente Mariano Rajoy y que lo colocar\u00e1 a \u00e9l al frente del gobierno.<\/p>\n<p>\u201cSu soledad, se\u00f1or Rajoy, constituye el epitafio de un tiempo pol\u00edtico, el suyo, que ya se ha terminado\u201d, sentenci\u00f3 S\u00e1nchez ayer en el Congreso de los Diputados. \u201cRajoy ya forma parte de un tiempo pasado al que este pa\u00eds est\u00e1 a punto de pasar p\u00e1gina, y lo que conviene a Espa\u00f1a es mirar al futuro sin miedo\u201d, agreg\u00f3.<\/p>\n<p>Derrotado en las \u00faltimas dos elecciones y luego expulsado del liderazgo de su partido antes de regresar por la puerta grande, el socialista est\u00e1 a punto de ganar una apuesta arriesgada para alcanzar el poder en Espa\u00f1a.<\/p>\n<p>Al encabezar una ola de indignaci\u00f3n por la condena judicial del Partido Popular (PP) de Rajoy en un caso de corrupci\u00f3n, este ex profesor de econom\u00eda de 46 a\u00f1os vio recompensada su obstinaci\u00f3n al conseguir, en principio, todos los apoyos para aprobar una moci\u00f3n de censura contra el l\u00edder conservador.<\/p>\n<p>\u201cLa fortuna le ha abierto la ocasi\u00f3n de poder jugar un papel central\u201d, estim\u00f3 Fernando Vallesp\u00edn, polit\u00f3logo de la Universidad Aut\u00f3noma de Madrid, para quien S\u00e1nchez jug\u00f3 una apuesta m\u00e1s que arriesgada y un poco desesperada. Una jugada decidida, adem\u00e1s, en momentos en que el PSOE se encontraba muy apartado de la primera l\u00ednea de la discusi\u00f3n pol\u00edtica, ocupada por el PP, los liberales de Ciudadanos y la izquierda de Podemos, acot\u00f3 el experto. \u201cEs un pol\u00edtico audaz y no excesivamente reflexivo y que piensa m\u00e1s en t\u00e9rminos de corto plazo\u201d, agreg\u00f3 Vallesp\u00edn.<\/p>\n<p>Con solo 84 esca\u00f1os de 350 en la C\u00e1mara baja, S\u00e1nchez, quien no es diputado, est\u00e1 obligado a pactar con Podemos, los independentistas catalanes y los nacionalistas vascos, con quienes previsiblemente lograr\u00e1 aprobar hoy la moci\u00f3n de censura que echar\u00e1 a Rajoy del poder. Sin embargo, esta alianza circunstancial tachada como \u201ccoalici\u00f3n Frankenstein\u201d por el PP, podr\u00eda mostrarse muy inestable y acortar la estancia de S\u00e1nchez en el Palacio de la Moncloa.<\/p>\n<p>El l\u00edder socialista cuenta con adoptar medidas sociales r\u00e1pidamente para impulsar la popularidad del PSOE, indic\u00f3 Antonio Barroso, analista del gabinete Teneo Intelligence, para llegar fortalecido a unas elecciones anticipadas, en las que los sondeos dan como ganador a Ciudadanos.<\/p>\n<p>En su intervenci\u00f3n en el debate de moci\u00f3n de censura ayer, S\u00e1nchez se comprometi\u00f3 a presidir un Gobierno que ser\u00eda socialista, paritario, europe\u00edsta, garante de la estabilidad presupuestaria y econ\u00f3mica y cumplidor de sus deberes europeos. El socialista asegur\u00f3, adem\u00e1s, que trabajar\u00e1 por garantizar la estabilidad institucional, econ\u00f3mica, social y territorial e impulsar\u00e1 el consenso necesario para convocar elecciones, aunque no dio fecha.<\/p>\n<p>Nacido el 29 de febrero de 1972 en Madrid, creci\u00f3 en una familia acomodada, de padre empresario y madre funcionaria. Al tiempo que le dedicaba muchas horas al b\u00e1squet estudi\u00f3 Econ\u00f3micas, primero en su ciudad y luego en Bruselas. Amante de la pol\u00edtica desde joven, seg\u00fan sus compa\u00f1eros de clase, fue concejal municipal en Madrid de 2004 a 2009, cuando se convirti\u00f3 en diputado y su carrera despeg\u00f3. Propulsado en 2014 a la cabeza de un PSOE debilitado gracias a las primeras primarias del partido, lleg\u00f3 por detr\u00e1s de Rajoy en las elecciones de diciembre de 2015. Intent\u00f3 formar gobierno con los partidos emergentes de Podemos y Ciudadanos, pero la iniciativa se vino a pique.<\/p>\n<p>En la repetici\u00f3n de elecciones en junio de 2016, el PSOE registr\u00f3 su peor resultado desde el restablecimiento de la democracia espa\u00f1ola en 1977. S\u00e1nchez fue defenestrado por una rebeli\u00f3n interna de su partido, que lo culpaba de los malos resultados en las urnas. Pero volvi\u00f3 por la puerta grande en mayo de 2017, cuando los militantes lo devolvieron a la cabeza del partido.<\/p>\n<p>Pese a que hizo frente com\u00fan con Rajoy en los \u00faltimos meses frente a la tentativa independentista en Catalu\u00f1a, S\u00e1nchez ser\u00e1 recordado por el PP por lograr la ca\u00edda de un jefe de gobierno que hab\u00eda sobrevivido a numerosas crisis.<\/p>\n<h6>Fuente: P\u00e1gina 12<\/h6>\n","protected":false},"excerpt":{"rendered":"<p>El l\u00edder del Partido Socialista Obrero Espa\u00f1ol (PSOE), Pedro S\u00e1nchez (foto), resurgi\u00f3 de las cenizas de la vida pol\u00edtica de Espa\u00f1a al ponerse a la cabeza de la moci\u00f3n de censura que presumiblemente desbancar\u00e1 hoy al presidente Mariano Rajoy <\/p>\n","protected":false},"author":2,"featured_media":77335,"comment_status":"closed","ping_status":"closed","sticky":false,"template":"","format":"standard","meta":{"footnotes":""},"categories":[22],"tags":[57],"class_list":["post-77334","post","type-post","status-publish","format-standard","has-post-thumbnail","hentry","category-el-mundo","tag-el-mundo"],"_links":{"self":[{"href":"http:\/\/argentinamunicipal.com.ar\/argentina\/wp-json\/wp\/v2\/posts\/77334","targetHints":{"allow":["GET"]}}],"collection":[{"href":"http:\/\/argentinamunicipal.com.ar\/argentina\/wp-json\/wp\/v2\/posts"}],"about":[{"href":"http:\/\/argentinamunicipal.com.ar\/argentina\/wp-json\/wp\/v2\/types\/post"}],"author":[{"embeddable":true,"href":"http:\/\/argentinamunicipal.com.ar\/argentina\/wp-json\/wp\/v2\/users\/2"}],"replies":[{"embeddable":true,"href":"http:\/\/argentinamunicipal.com.ar\/argentina\/wp-json\/wp\/v2\/comments?post=77334"}],"version-history":[{"count":0,"href":"http:\/\/argentinamunicipal.com.ar\/argentina\/wp-json\/wp\/v2\/posts\/77334\/revisions"}],"wp:featuredmedia":[{"embeddable":true,"href":"http:\/\/argentinamunicipal.com.ar\/argentina\/wp-json\/wp\/v2\/media\/77335"}],"wp:attachment":[{"href":"http:\/\/argentinamunicipal.com.ar\/argentina\/wp-json\/wp\/v2\/media?parent=77334"}],"wp:term":[{"taxonomy":"category","embeddable":true,"href":"http:\/\/argentinamunicipal.com.ar\/argentina\/wp-json\/wp\/v2\/categories?post=77334"},{"taxonomy":"post_tag","embeddable":true,"href":"http:\/\/argentinamunicipal.com.ar\/argentina\/wp-json\/wp\/v2\/tags?post=77334"}],"curies":[{"name":"wp","href":"https:\/\/api.w.org\/{rel}","templated":true}]}}