{"id":77340,"date":"2018-06-01T07:34:36","date_gmt":"2018-06-01T10:34:36","guid":{"rendered":"http:\/\/argentinamunicipal.com.ar\/argentina\/?p=77340"},"modified":"2018-06-01T07:34:36","modified_gmt":"2018-06-01T10:34:36","slug":"multas-en-brasil-para-cercenar-el-derecho-al-paro","status":"publish","type":"post","link":"http:\/\/argentinamunicipal.com.ar\/argentina\/multas-en-brasil-para-cercenar-el-derecho-al-paro\/","title":{"rendered":"Multas en Brasil para cercenar el derecho al paro"},"content":{"rendered":"<p>El Tribunal Superior del Trabajo declar\u00f3 ilegal la huelga que iniciaron los petroleros a causa de los aumentos en el precio de los combustibles y fij\u00f3 una multa diaria de dos millones de reales (530.000 d\u00f3lares) para los gremios que acaten el paro.<\/p>\n<p>La Federaci\u00f3n \u00danica de Petroleros de Brasil (FUP) llam\u00f3 ayer a sus miembros a suspender la huelga de tres d\u00edas con la que protestan por el alto precio de los combustibles, debido a un fallo judicial que les impone multas millonarias.<\/p>\n<p>El Tribunal Superior del Trabajo (TST) declar\u00f3 antes ilegal la huelga iniciada el mi\u00e9rcoles y fij\u00f3 una multa diaria de dos millones de reales (530.000 d\u00f3lares) para los sindicatos que acaten el paro. La corte subi\u00f3 el mi\u00e9rcoles incluso la multa, que hab\u00eda cifrado en 500.000 reales antes del comienzo de la huelga. \u201cLa decisi\u00f3n del TST es claramente para criminalizar e inviabilizar los movimientos sociales y sindicales\u201d, protest\u00f3 la FUP en un comunicado. \u201cAnte eso, la FUP orienta a los sindicatos a suspender la huelga\u201d, agreg\u00f3 el gremio que agrupa a los 13 sindicatos del sector petrolero. El paro laboral reg\u00eda originalmente hasta el final del viernes.<\/p>\n<p>La huelga de los petroleros se sum\u00f3 el mi\u00e9rcoles a una fuerte protestas de los camioneros brasile\u00f1os, que protestan desde la semana pasada por el constante aumento de los precios de la nafta y el di\u00e9sel. Los transportistas y los trabajadores petroleros culpan a la estatal<\/p>\n<p>Petrobras de fijar su pol\u00edtica de tarifas de acuerdo a las oscilaciones del precio del crudo en el mercado internacional. Esa pol\u00edtica, en vigor desde mediados de 2017, condujo a un fuerte incremento de los precios de los combustibles en el mercado interno en 2018. S\u00f3lo en mayo, el precio de la nafta subi\u00f3 un 12 por ciento y el del di\u00e9sel un 9,3 por ciento.<\/p>\n<p>La huelga de camioneros, que ayer entr\u00f3 en el und\u00e9cimo d\u00eda, paraliz\u00f3 la semana pasada a gran parte de la primera econom\u00eda de Am\u00e9rica Latina. Numerosos hospitales, mercados y otros negocios se quedaron sin suministro por todo el pa\u00eds debido a los bloqueos de carreteras y refiner\u00edas. Varias f\u00e1bricas tuvieron que suspender sus actividades.<\/p>\n<p>Despu\u00e9s de que el presidente Michel Temer anunciase el domingo una rebaja temporal del precio del di\u00e9sel durante dos meses y otras concesiones, muchos transportistas empezaron a desmovilizarse. Otros, sin embargo, mantuvieron los bloqueos alegando que el gobierno no satisfizo todas sus demandas.<\/p>\n<p>Aunque el Gobierno admiti\u00f3 que a\u00fan restan unos peque\u00f1os focos de protesta, este mi\u00e9rcoles ya casi todos los camioneros abandonaron los bloqueos que manten\u00edan en las carreteras y se reincorporaron a su tarea, incluso en el puerto de Santos, el mayor de Latinoam\u00e9rica y que sufri\u00f3 con rigor los efectos de la huelga.<\/p>\n<p>Seg\u00fan el Ministerio de Hacienda, los subsidios que permitir\u00e1n esa reducci\u00f3n de precios le costar\u00e1n al Estado unos 9.500 millones de reales (2.570 millones de d\u00f3lares), que ser\u00e1n compensados con un nuevo ajuste del gasto, precisado en un decreto publicado ayer. Los recortes afectar\u00e1n beneficios fiscales que el gobierno daba al sector exportador y a la agricultura, as\u00ed como los presupuestos de diversas \u00e1reas, que incluyen desde programas de reforma agraria hasta el desarrollo de planes de ciencia y tecnolog\u00eda.<\/p>\n<p>El presidente Michel Temer no coment\u00f3 esos recortes, pero s\u00ed afirm\u00f3 ayer que el fin de la huelga de camioneros fue producto de un \u201cesfuerzo de di\u00e1logo\u201d que, en su opini\u00f3n, debe guiar a todos los responsables por dirigir a la Naci\u00f3n.<\/p>\n<p>El general Sergio Etchegoyen, ministro del Gabinete de Seguridad de la Presidencia, explic\u00f3 en rueda de prensa que ahora la \u201c\u00fanica preocupaci\u00f3n\u201d del gobierno es retomar a plenitud la distribuci\u00f3n de productos b\u00e1sicos.<\/p>\n<p>En ciudades como R\u00edo de Janeiro y Sao Paulo, el abastecimiento se normaliz\u00f3 paulatinamente esta semana. Seg\u00fan la Agencia Nacional de Petr\u00f3leo (ANP), el 70 por ciento del suministro de combustible estaba ya reestablecido en el gigante sudamericano.<\/p>\n<h6>Fuente: P\u00e1gina 12<\/h6>\n","protected":false},"excerpt":{"rendered":"<p>El Tribunal Superior del Trabajo declar\u00f3 ilegal la huelga que iniciaron los petroleros a causa de los aumentos en el precio de los combustibles y fij\u00f3 una multa diaria de dos millones de reales (530.000 d\u00f3lares) para los gremios que acaten el paro.<\/p>\n","protected":false},"author":2,"featured_media":77341,"comment_status":"closed","ping_status":"closed","sticky":false,"template":"","format":"standard","meta":{"footnotes":""},"categories":[22],"tags":[57],"class_list":["post-77340","post","type-post","status-publish","format-standard","has-post-thumbnail","hentry","category-el-mundo","tag-el-mundo"],"_links":{"self":[{"href":"http:\/\/argentinamunicipal.com.ar\/argentina\/wp-json\/wp\/v2\/posts\/77340","targetHints":{"allow":["GET"]}}],"collection":[{"href":"http:\/\/argentinamunicipal.com.ar\/argentina\/wp-json\/wp\/v2\/posts"}],"about":[{"href":"http:\/\/argentinamunicipal.com.ar\/argentina\/wp-json\/wp\/v2\/types\/post"}],"author":[{"embeddable":true,"href":"http:\/\/argentinamunicipal.com.ar\/argentina\/wp-json\/wp\/v2\/users\/2"}],"replies":[{"embeddable":true,"href":"http:\/\/argentinamunicipal.com.ar\/argentina\/wp-json\/wp\/v2\/comments?post=77340"}],"version-history":[{"count":0,"href":"http:\/\/argentinamunicipal.com.ar\/argentina\/wp-json\/wp\/v2\/posts\/77340\/revisions"}],"wp:featuredmedia":[{"embeddable":true,"href":"http:\/\/argentinamunicipal.com.ar\/argentina\/wp-json\/wp\/v2\/media\/77341"}],"wp:attachment":[{"href":"http:\/\/argentinamunicipal.com.ar\/argentina\/wp-json\/wp\/v2\/media?parent=77340"}],"wp:term":[{"taxonomy":"category","embeddable":true,"href":"http:\/\/argentinamunicipal.com.ar\/argentina\/wp-json\/wp\/v2\/categories?post=77340"},{"taxonomy":"post_tag","embeddable":true,"href":"http:\/\/argentinamunicipal.com.ar\/argentina\/wp-json\/wp\/v2\/tags?post=77340"}],"curies":[{"name":"wp","href":"https:\/\/api.w.org\/{rel}","templated":true}]}}