{"id":77346,"date":"2018-06-01T05:56:06","date_gmt":"2018-06-01T08:56:06","guid":{"rendered":"http:\/\/argentinamunicipal.com.ar\/argentina\/?p=77346"},"modified":"2018-06-01T07:59:12","modified_gmt":"2018-06-01T10:59:12","slug":"entregan-50-viandas-diarias-y-dan-60-meriendas-en-rio-cuarto-crean-una-huerta-para-contar-con-alimentos-propios","status":"publish","type":"post","link":"http:\/\/argentinamunicipal.com.ar\/argentina\/entregan-50-viandas-diarias-y-dan-60-meriendas-en-rio-cuarto-crean-una-huerta-para-contar-con-alimentos-propios\/","title":{"rendered":"Entregan 50 viandas diarias y dan 60 meriendas en R\u00edo Cuarto: Crean una huerta para contar con alimentos propios"},"content":{"rendered":"<p>Es el merendero Rayito de Sol, que funciona en el barrio Alberdi con numerosas actividades.\u00a0Con este proyecto buscan generar recursos para los almuerzos y formar a los j\u00f3venes en oficios.<\/p>\n<p>Desde el merendero Rayito de Sol ingeniaron una alternativa ante la falta de recursos para mantener la entrega de viandas a diario para los vecinos del sector norte en barrio Alberdi. El proyecto de una huerta contempla la posibilidad de conseguir productos sembrados por los mismos integrantes del merendero, formar en oficios a los j\u00f3venes del lugar y promover la autogesti\u00f3n. Indican que la actualidad del barrio es muy complicada desde lo econ\u00f3mico, y proyectos como \u00e9ste apuntan a una soberan\u00eda alimentaria.<\/p>\n<p>En di\u00e1logo con PUNTAL, Anal\u00eda Ram\u00f3n, coordinadora del merendero, destac\u00f3 el trabajo realizado en este proyecto de la huerta, y mostr\u00f3 el terreno en el que est\u00e1n avanzando con la iniciativa. \u201cEn el merendero estamos con muchos proyectos encaminados, y uno de ellos est\u00e1 referido a la producci\u00f3n para nuestro comedor, por lo que apuntamos a sustentar nuestro espacio\u201d, coment\u00f3 Anal\u00eda, mientras que asegur\u00f3: \u201cSe trata de una huerta en la que tambi\u00e9n tendremos plantines para la autogesti\u00f3n\u201d.<\/p>\n<p>La responsable de la copita de leche del pasaje Mestre, en Alberdi, que ya ha cumplido un a\u00f1o de trabajo, asegur\u00f3: \u201cNos cuesta mucho avanzar sobre cada proyecto, pero la lucha del d\u00eda a d\u00eda nos permite finalizar cada propuesta\u201d.<\/p>\n<p>&#8211; \u00bfEn qu\u00e9 instancia se encuentra esta huerta que han proyectado?<\/p>\n<p>&#8211; Ya acomodamos el terreno y alambramos el espacio. Quer\u00edamos hacer todo r\u00e1pido pero nos est\u00e1n faltando elementos para poder trabajar la tierra. Estaremos trabajando con alumnos de la Universidad Nacional y con el Inta, que el d\u00eda de la inauguraci\u00f3n dictar\u00e1 una clase sobre c\u00f3mo trabajar la tierra y sembrar.<\/p>\n<p>Mucha demanda<\/p>\n<p>Desde su formaci\u00f3n, la demanda en el merendero ha crecido constantemente. \u201cActualmente se reciben 60 ni\u00f1os a la hora de la merienda todos los d\u00edas, mientras que para el almuerzo se entregan 55 viandas destinadas a grandes y chicos del barrio que se encuentran en situaci\u00f3n de vulnerabilidad\u201d, se\u00f1ala Anal\u00eda Ram\u00f3n sobre la cantidad de personas que se acercan constantemente a la copita de leche.<\/p>\n<p>\u201cTenemos el sal\u00f3n abierto desde las 10 hs hasta las 19.30, se ha conformado como centro comunitario con todo tipo de actividades para la gente del sector\u201d, explica, y detalla que entre las actividades se han sumado folklore, m\u00fasica, f\u00fatbol, apoyo escolar, ropero comunitario.<\/p>\n<p>La coordinadora comenta que \u201ctodas son propuestas que buscan dar contenci\u00f3n a los chicos, al igual que lo que es la huerta\u201d, mientras que asegura que \u201ccon esta iniciativa se espera ense\u00f1arle a la gente del barrio que con la necesidad se puede actuar y sembrar en la casa\u201d. Y ejemplific\u00f3: \u201cCon un par de zapallitos m\u00e1s unos huevos se puede hacer una buena comida, es una idea que intentamos brindarle a la gente para que piense de un modo diferente\u201d.<\/p>\n<p>Mientras explica los proyectos y actividades del merendero, la copita se llena de ni\u00f1os que reci\u00e9n salen de la escuela y acuden en busca de su pan con mermelada y una taza de chocolatada caliente en la fr\u00eda tarde.<\/p>\n<p>\u201cNuestra lucha es diaria, no contamos con un dep\u00f3sito de mercader\u00eda, por eso tratamos de trabajar sobre proyectos que nos ayuden\u201d, comenta en relaci\u00f3n a que en el contexto econ\u00f3mico actual, escasea la ayuda para espacios como el de ella. \u201cSe est\u00e1n elaborando proyectos con salidas laborales como carpinter\u00eda o para formar soldadores, para que los adolescentes tengan una alternativa de salida laboral en caso de que no estudien\u201d, asegura.<\/p>\n<p>&#8211; \u00bfLa crisis econ\u00f3mica influye en el desarrollo diario de las actividades del merendero?<\/p>\n<p>&#8211; S\u00ed, estamos pasando por la misma situaci\u00f3n que nos golpea a todos en el pa\u00eds, m\u00e1s siendo que aumenta todo y en especial los alimentos. Se frenan los ingresos de productos y la cadena de donaciones, porque a todos nos golpea la situaci\u00f3n cr\u00edtica en la que est\u00e1 el pa\u00eds.<\/p>\n<p>Feria y torneo de f\u00fatbol<\/p>\n<p>En la ma\u00f1ana de hoy, de 10 a 13 hs, se desarrollar\u00e1 en la plaza central una feria de productos elaborados en las copas de leche de la ciudad que trabajan de manera articulada desde el Movimiento de Acci\u00f3n Popular, para juntar recursos para el desarrollo de las actividades que a diario se llevan adelante en los merenderos.<\/p>\n<p>Torneo<\/p>\n<p>El d\u00eda s\u00e1bado 16 de junio, en tanto, se realizar\u00e1 un torneo de f\u00fatbol con los equipos que representan a m\u00e1s de 20 copas de leche de la ciudad. \u201cAdem\u00e1s, estudiantes de la Universidad realizar\u00e1n juegos para los chicos y se har\u00e1 una exhibici\u00f3n de boxeo\u201d, coment\u00f3 Anal\u00eda Ram\u00f3n, quien indic\u00f3 que tambi\u00e9n se espera una muestra de actividades vinculadas al atletismo.<\/p>\n<p>\u201cQueremos mostrarles a los chicos alternativas deportivas sobre cosas que pueden hacer\u201d, indic\u00f3 sobre esta iniciativa que dentro de unas semanas se realizar\u00e1 cerca del merendero que ella coordina.<\/p>\n<h6>Fuente: Puntal<\/h6>\n","protected":false},"excerpt":{"rendered":"<p>Es el merendero Rayito de Sol, que funciona en el barrio Alberdi con numerosas actividades.\u00a0Con este proyecto buscan generar recursos para los almuerzos y formar a los j\u00f3venes en oficios.\u00a0<\/p>\n","protected":false},"author":2,"featured_media":77347,"comment_status":"closed","ping_status":"closed","sticky":false,"template":"","format":"standard","meta":{"footnotes":""},"categories":[2],"tags":[3],"class_list":["post-77346","post","type-post","status-publish","format-standard","has-post-thumbnail","hentry","category-informe-municipal","tag-cordoba"],"_links":{"self":[{"href":"http:\/\/argentinamunicipal.com.ar\/argentina\/wp-json\/wp\/v2\/posts\/77346","targetHints":{"allow":["GET"]}}],"collection":[{"href":"http:\/\/argentinamunicipal.com.ar\/argentina\/wp-json\/wp\/v2\/posts"}],"about":[{"href":"http:\/\/argentinamunicipal.com.ar\/argentina\/wp-json\/wp\/v2\/types\/post"}],"author":[{"embeddable":true,"href":"http:\/\/argentinamunicipal.com.ar\/argentina\/wp-json\/wp\/v2\/users\/2"}],"replies":[{"embeddable":true,"href":"http:\/\/argentinamunicipal.com.ar\/argentina\/wp-json\/wp\/v2\/comments?post=77346"}],"version-history":[{"count":0,"href":"http:\/\/argentinamunicipal.com.ar\/argentina\/wp-json\/wp\/v2\/posts\/77346\/revisions"}],"wp:featuredmedia":[{"embeddable":true,"href":"http:\/\/argentinamunicipal.com.ar\/argentina\/wp-json\/wp\/v2\/media\/77347"}],"wp:attachment":[{"href":"http:\/\/argentinamunicipal.com.ar\/argentina\/wp-json\/wp\/v2\/media?parent=77346"}],"wp:term":[{"taxonomy":"category","embeddable":true,"href":"http:\/\/argentinamunicipal.com.ar\/argentina\/wp-json\/wp\/v2\/categories?post=77346"},{"taxonomy":"post_tag","embeddable":true,"href":"http:\/\/argentinamunicipal.com.ar\/argentina\/wp-json\/wp\/v2\/tags?post=77346"}],"curies":[{"name":"wp","href":"https:\/\/api.w.org\/{rel}","templated":true}]}}