{"id":77366,"date":"2018-06-01T05:27:47","date_gmt":"2018-06-01T08:27:47","guid":{"rendered":"http:\/\/argentinamunicipal.com.ar\/argentina\/?p=77366"},"modified":"2018-06-01T08:30:02","modified_gmt":"2018-06-01T11:30:02","slug":"represion-y-control-social-la-receta-de-cambiemos","status":"publish","type":"post","link":"http:\/\/argentinamunicipal.com.ar\/argentina\/represion-y-control-social-la-receta-de-cambiemos\/","title":{"rendered":"Represi\u00f3n y control social, la receta de Cambiemos"},"content":{"rendered":"<p>Para el premio Nobel de la paz, el pedido del Gobierno de mayor intervenci\u00f3n de los militares obedece a la necesidad de imponer el modelo neoliberal, algo que calific\u00f3 como \u00abpeligroso\u00bb.<\/p>\n<p>En medio de las cr\u00edticas por el pedido del Gobierno de mayor participaci\u00f3n de las Fuerzas Armadas en la seguridad interior y ante la posibilidad del veto presidencial al proyecto para frenar el tarifazo, el premio nobel de la Paz Adolfo P\u00e9rez Esquivel advirti\u00f3 que el Gobierno considera al pueblo \u201ccomo su enemigo interno\u201d y que el pedido de mayor intervenci\u00f3n de los militares obedece a la necesidad de imponer un modelo neoliberal a costa de \u201crepresi\u00f3n y control social\u201d. \u00abA la amenaza de Macri de vetar el proyecto contra el tarifazo, se la frena con el pueblo en la calle\u00bb, sostuvo tambi\u00e9n el referente en derechos humanos.<\/p>\n<p>Para P\u00e9rez Esquivel, el Gobierno \u201cconsidera que el enemigo interno es el pueblo que est\u00e1 reclamando sus derechos democr\u00e1ticos\u00bb y la respuesta al reclamo es una mayor \u201cpol\u00edtica represiva\u201d. \u201cHabr\u00eda que ver si estamos en un estado de sitio no declarado o un estado de estado de excepci\u00f3n\u00bb, se permiti\u00f3 dudar el premio nobel, en declaraciones a la FM La Patriada.<\/p>\n<p>\u00abEl Gobierno est\u00e1 provocando un retroceso en toda la pol\u00edtica de derechos humanos y de seguridad\u201d, fue la conclusi\u00f3n a la que lleg\u00f3 P\u00e9rez Esquivel, que tambi\u00e9n advirti\u00f3 que para imponer el modelo neoliberal que empuja la alianza Cambiemos \u201cnecesitan de la represi\u00f3n y del control social\u00bb.<\/p>\n<p>Ayer, en el acto por el D\u00eda del Ej\u00e9rcito, el Presidente pidi\u00f3 \u201cmayor esfuerzo en la colaboraci\u00f3n\u201d de las Fuerzas Armadas con otras \u00e1reas del Estado, incluido las fuerzas de seguridad. Tambi\u00e9n pidi\u00f3 la transformaci\u00f3n del cuerpo militar para que \u201cse adapten a las amenazas del siglo XXI\u201d y nuevas amenazas. Esta posible expansi\u00f3n de las atribuciones de las Fuerzas, sumado el gui\u00f1o presidencial para la intervenci\u00f3n en seguridad interior, expl\u00edcitamente prohibido por ley, despert\u00f3 una luz de alarma en todo el arco opositor y en los organismo de derechos humanos.<\/p>\n<p>\u00abLa seguridad del pueblo no pasa por poner a las Fuerzas Armadas en la calle. Tenemos dolorosas experiencias. Cuando intervienen las Fuerzas Armadas aumenta la violencia, las muertes, y la exclusi\u00f3n social\u00bb, manifest\u00f3 P\u00e9rez Esquivel y volvi\u00f3 a remarcar que es \u00abmuy peligroso volver a autorizar a las Fuerzas Armadas en la seguridad interior\u201d.<\/p>\n<h6>Fuente: Tucum\u00e1n hoy<\/h6>\n","protected":false},"excerpt":{"rendered":"<p>Para el premio Nobel de la paz, el pedido del Gobierno de mayor intervenci\u00f3n de los militares obedece a la necesidad de imponer el modelo neoliberal, algo que calific\u00f3 como \u00abpeligroso\u00bb.<\/p>\n","protected":false},"author":2,"featured_media":77367,"comment_status":"closed","ping_status":"closed","sticky":false,"template":"","format":"standard","meta":{"footnotes":""},"categories":[8],"tags":[21],"class_list":["post-77366","post","type-post","status-publish","format-standard","has-post-thumbnail","hentry","category-informe-nacional","tag-argentina"],"_links":{"self":[{"href":"http:\/\/argentinamunicipal.com.ar\/argentina\/wp-json\/wp\/v2\/posts\/77366","targetHints":{"allow":["GET"]}}],"collection":[{"href":"http:\/\/argentinamunicipal.com.ar\/argentina\/wp-json\/wp\/v2\/posts"}],"about":[{"href":"http:\/\/argentinamunicipal.com.ar\/argentina\/wp-json\/wp\/v2\/types\/post"}],"author":[{"embeddable":true,"href":"http:\/\/argentinamunicipal.com.ar\/argentina\/wp-json\/wp\/v2\/users\/2"}],"replies":[{"embeddable":true,"href":"http:\/\/argentinamunicipal.com.ar\/argentina\/wp-json\/wp\/v2\/comments?post=77366"}],"version-history":[{"count":0,"href":"http:\/\/argentinamunicipal.com.ar\/argentina\/wp-json\/wp\/v2\/posts\/77366\/revisions"}],"wp:featuredmedia":[{"embeddable":true,"href":"http:\/\/argentinamunicipal.com.ar\/argentina\/wp-json\/wp\/v2\/media\/77367"}],"wp:attachment":[{"href":"http:\/\/argentinamunicipal.com.ar\/argentina\/wp-json\/wp\/v2\/media?parent=77366"}],"wp:term":[{"taxonomy":"category","embeddable":true,"href":"http:\/\/argentinamunicipal.com.ar\/argentina\/wp-json\/wp\/v2\/categories?post=77366"},{"taxonomy":"post_tag","embeddable":true,"href":"http:\/\/argentinamunicipal.com.ar\/argentina\/wp-json\/wp\/v2\/tags?post=77366"}],"curies":[{"name":"wp","href":"https:\/\/api.w.org\/{rel}","templated":true}]}}