{"id":77400,"date":"2018-06-04T06:45:03","date_gmt":"2018-06-04T09:45:03","guid":{"rendered":"http:\/\/argentinamunicipal.com.ar\/argentina\/?p=77400"},"modified":"2018-06-04T06:45:03","modified_gmt":"2018-06-04T09:45:03","slug":"77400-2","status":"publish","type":"post","link":"http:\/\/argentinamunicipal.com.ar\/argentina\/77400-2\/","title":{"rendered":"La destrucci\u00f3n de la Argentina y el juicio pol\u00edtico"},"content":{"rendered":"<p>Es posible pensar \u2013y para algunos evidente\u2013 que el triunfo legislativo que implic\u00f3 la Ley Antitarifazos, y el divertido hallazgo de llamar Machirulo al Presidente tuvieron un impacto enorme en la tensi\u00f3n pol\u00edtica gubernamental. Y no s\u00f3lo porque el comentario machista del Sr. Macri lo emparent\u00f3 con la dictadura \u2013que tambi\u00e9n llam\u00f3 \u201clocas\u201d a las Madres de Plaza de Mayo\u2013, sino porque adem\u00e1s parece haber sido puro rencor lo que movi\u00f3 al Gobierno a instruir al toque a la justicia amiga, que es casi toda, para declarar probada la nunca probada muerte del fiscal Alberto Nisman, y tras cart\u00f3n pedir el desafuero de la ex presidenta con la obvia intenci\u00f3n de avanzar en lo que podr\u00eda llamarse \u201cla Gran Lula\u201d argentina: encarcelar a CFK e impedir su hoy dudosa pero no imposible candidatura presidencial en 2019.<\/p>\n<p>Debilitado por todos los flancos, con las encuestas por el piso y un horizonte econ\u00f3mico pavoroso, ser\u00eda el inicio de una serie de manotazos desesperados.<\/p>\n<p>\u201cEl ejemplo de Espa\u00f1a es muy bueno para nosotros, estamos siguiendo el mismo rumbo\u201d, dijo el 10 de abril pasado el Presidente ante su par espa\u00f1ol, Mariano Rajoy. Menos de dos meses despu\u00e9s, Rajoy destituido por corrupci\u00f3n es otro espejo desagradable. Y por si fuera poco, su esperanza blanca, la gobernadora Vidal, hoy agrisada, meti\u00f3 la pata hasta el cuadril con un grotesco sinceramiento: \u201cDe qu\u00e9 sirve llenar la provincia de universidades p\u00fablicas cuando todos sabemos que nadie que nace en la pobreza llega a la universidad\u201d. Idea (es un decir, idea) que evoca al cavernario contraalmirante Arturo Rial, part\u00edcipe del golpe de Estado de 1955 que fue el m\u00e1s violento y criminal de toda nuestra historia, cuando expuso el sentido profundo de las intenciones de aquel golpe: \u201cSepan ustedes que la Revoluci\u00f3n Libertadora se hizo para que en este bendito pa\u00eds, el hijo de barrendero muera barrendero\u201d.<\/p>\n<p>Parafraseando una vez m\u00e1s al gran Ezra Pound: si todas las indicaciones superficiales hacen pensar que podr\u00edamos estar entrando en el Infierno, casi seguramente lo que sucede es que ya hemos entrado en el Infierno.<\/p>\n<p>Furcios y contradicciones del Gobierno parecen combinarse con ciertos reacomodos en el campo nacional y popular. Salvo los conversos, que son los m\u00e1s furiosos, hoy miran para este lado muchos de los que ayer nom\u00e1s votaron a Cambiemos. Son legi\u00f3n los docentes arrepentidos, y los clasemedieros que por creerles a Clar\u00edn y TN dispararon tiros en sus propios pies. Muchos otros incautos chuparon frutos podridos: la inmensa mayor\u00eda de los taxistas porte\u00f1os que hicieron campa\u00f1a idiota contra el kirchnerismo ahora deben bancarse Uber mientras repiten imposibles \u201cyo no los vot\u00e9\u201d. Millares de bur\u00f3cratas y empleados p\u00fablicos que se quedaron sin trabajo despu\u00e9s de votar lo que votaron, como tantos jubilados que fueron v\u00edctimas de ilusiones est\u00fapidas. Igual que muchos soci\u00f3logos e intelectuales que la iban de \u201crepublicanos\u201d y ahora trajinan reacomodos, como siempre.<\/p>\n<p>El problema de ciertos Infiernos es que cuando algo no se aguanta m\u00e1s, explota. Verdad de Perogruyo que este gobierno viciado de ignorancia y racismo desconoce. Por eso no ven o no saben lo que hacen, ni les importa la destrucci\u00f3n de la Argentina a la que contribuyen alegremente.<\/p>\n<p>Este gobierno dilapid\u00f3 mayor\u00eda y legitimidad. Que tuvieron, cierto, pero no para destruir trabajo y producci\u00f3n. No para la estafa gigantesca. No para abusar de la confianza de media ciudadan\u00eda que de ninguna manera los vot\u00f3 \u2013ning\u00fan ciudadano\/a lo pens\u00f3 siquiera\u2013 para cerrar universidades. Ni para consentir el achicamiento de la educaci\u00f3n, la privatizaci\u00f3n de la salud p\u00fablica, la condena a millones de jubilados, el abandono de pol\u00edticas cient\u00edficas exitosas o promisorias. Los votantes de Cambiemos en 2015 no quer\u00edan frenar el crecimiento ni quer\u00edan tarifazos que son robos. Y mucho menos votaron el cambio del rol democr\u00e1tico de las Fuerzas Armadas, o el retorno a pr\u00e1cticas represivas. Ning\u00fan radical vot\u00f3 a Macri anhelando la contrareforma universitaria. Nadie vot\u00f3 cerrar f\u00e1bricas y dejar cientos de miles de trabajadores en la calle. Acaso ni siquiera los clasemedieros m\u00e1s enfermos de irracional odio a \u201cla yegua\u201d quer\u00edan todo esto.<\/p>\n<p>La pregunta es entonces: \u00bfcu\u00e1nto m\u00e1s va aguantar esta sociedad? Con estos tipos que siguen avante sin filtro, con impunidad y descaro; que se preparan para la guerra y cada d\u00eda es m\u00e1s evidente que su estrategia es provocar y reprimir, golpear, matar, atacar pueblos originarios e invadir de noche barrios o ciudades peque\u00f1as como en el interior de C\u00f3rdoba esta semana.<\/p>\n<p>\u00bfCu\u00e1nto va aguantar esta sociedad si acaso estos tipos empiezan a practicar el mismo proceder de la Marina en 1955, cuando bombardearon Buenos Aires causando m\u00e1s de 300 muertos civiles en la Plaza que hoy tienen cerrada con candados? Hoy muchos nos preguntamos: \u00bfvan a hacer lo mismo si el pueblo sigue protestando y reclamando, como sin dudas va a suceder? \u00bfHasta cu\u00e1ndo seguir\u00e1 la destrucci\u00f3n de la Argentina? \u00bfCu\u00e1l es el l\u00edmite, si acaso hay alguno?<\/p>\n<p>La mansedumbre un d\u00eda puede desatar la ira. Y entonces, \u00bfc\u00f3mo detenerla?<\/p>\n<p>Los que no queremos violencia, los que no queremos que haya un solo muerto m\u00e1s, preguntamos: \u00bfcu\u00e1nto m\u00e1s se aguanta esto?<\/p>\n<p>Algunas personas, cada vez m\u00e1s, se preguntan si no habr\u00e1 llegado ya el momento \u2013ahora, cuanto antes\u2013 de pedir<\/p>\n<p>el juicio pol\u00edtico al Presidente puesto que su gobierno achica m\u00e1s y m\u00e1s la democracia.<\/p>\n<p>Los que sabemos, por convicci\u00f3n democr\u00e1tica, que para el desplazamiento de un gobierno la \u00fanica v\u00eda es la electoral, desechamos toda alternativa que no sea el cumplimiento de la Constituci\u00f3n, y ello m\u00e1s all\u00e1 del llamado y la vocaci\u00f3n de cambiar profundamente la actual. Los que sostenemos que es imperioso un nuevo contrato social, no estamos dispuestos a caminos oblicuos. Los dem\u00f3cratas somos nosotros. La paz la cuidamos nosotros.<\/p>\n<p>Pero es un hecho que el solo pedido de que las Fuerzas Armadas se involucren en tareas ilegales, reprobadas y prohibidas, ser\u00eda causa suficiente para ese juicio. Lo sepa o no, el presidente lo que ha hecho es una declaraci\u00f3n de sello golpista. Que se suma al mont\u00f3n de otras razones para ese supuesto juicio: corrupci\u00f3n, falacia, impericia, atentado contra la Constituci\u00f3n y la democracia, y poner en riesgo la paz de la rep\u00fablica. Por lo menos.<\/p>\n<p>\u00bfEs \u00e9se el camino? Dif\u00edcil afirmarlo, pero tan dif\u00edcil como descartarlo.<\/p>\n<p>Por\u00a0Mempo Giardinelli<\/p>\n<h6>Fuetne: P\u00e1gina 12<\/h6>\n","protected":false},"excerpt":{"rendered":"<p>Es posible pensar \u2013y para algunos evidente\u2013 que el triunfo legislativo que implic\u00f3 la Ley Antitarifazos, y el divertido hallazgo de llamar Machirulo al Presidente tuvieron un impacto enorme en la tensi\u00f3n pol\u00edtica gubernamental.<\/p>\n","protected":false},"author":2,"featured_media":77401,"comment_status":"closed","ping_status":"closed","sticky":false,"template":"","format":"standard","meta":{"footnotes":""},"categories":[6],"tags":[21],"class_list":["post-77400","post","type-post","status-publish","format-standard","has-post-thumbnail","hentry","category-opiniones","tag-argentina"],"_links":{"self":[{"href":"http:\/\/argentinamunicipal.com.ar\/argentina\/wp-json\/wp\/v2\/posts\/77400","targetHints":{"allow":["GET"]}}],"collection":[{"href":"http:\/\/argentinamunicipal.com.ar\/argentina\/wp-json\/wp\/v2\/posts"}],"about":[{"href":"http:\/\/argentinamunicipal.com.ar\/argentina\/wp-json\/wp\/v2\/types\/post"}],"author":[{"embeddable":true,"href":"http:\/\/argentinamunicipal.com.ar\/argentina\/wp-json\/wp\/v2\/users\/2"}],"replies":[{"embeddable":true,"href":"http:\/\/argentinamunicipal.com.ar\/argentina\/wp-json\/wp\/v2\/comments?post=77400"}],"version-history":[{"count":0,"href":"http:\/\/argentinamunicipal.com.ar\/argentina\/wp-json\/wp\/v2\/posts\/77400\/revisions"}],"wp:featuredmedia":[{"embeddable":true,"href":"http:\/\/argentinamunicipal.com.ar\/argentina\/wp-json\/wp\/v2\/media\/77401"}],"wp:attachment":[{"href":"http:\/\/argentinamunicipal.com.ar\/argentina\/wp-json\/wp\/v2\/media?parent=77400"}],"wp:term":[{"taxonomy":"category","embeddable":true,"href":"http:\/\/argentinamunicipal.com.ar\/argentina\/wp-json\/wp\/v2\/categories?post=77400"},{"taxonomy":"post_tag","embeddable":true,"href":"http:\/\/argentinamunicipal.com.ar\/argentina\/wp-json\/wp\/v2\/tags?post=77400"}],"curies":[{"name":"wp","href":"https:\/\/api.w.org\/{rel}","templated":true}]}}