{"id":77413,"date":"2018-06-04T05:57:53","date_gmt":"2018-06-04T08:57:53","guid":{"rendered":"http:\/\/argentinamunicipal.com.ar\/argentina\/?p=77413"},"modified":"2018-06-04T07:08:01","modified_gmt":"2018-06-04T10:08:01","slug":"77413-2","status":"publish","type":"post","link":"http:\/\/argentinamunicipal.com.ar\/argentina\/77413-2\/","title":{"rendered":"Paro de actividades en todo el pa\u00eds por despidos masivos en Vialidad Nacional"},"content":{"rendered":"<p>Ser\u00e1 hasta el pr\u00f3ximo lunes. Los empleados denunciaron que en las \u00faltimas horas recibieron 107 telegramas de despido en distintas seccionales del pa\u00eds. Entre ellos hay discapacitados, echados sin causa y sin previo aviso.<\/p>\n<p>El\u00a0Sindicato de Trabajadores Viales y Afines de la Rep\u00fablica Argentina\u00a0(Stvyara) anunci\u00f3 la\u00a0\u00abparalizaci\u00f3n total de actividades\u00bb\u00a0hasta el pr\u00f3ximo lunes en todos los distritos, tras fracasar la negociaci\u00f3n por la reincorporaci\u00f3n de trabajadores despedidos, entre los que figuran tres personas con discapacidad.<\/p>\n<p>La\u00a0secretaria adjunta del gremio, Graciela Ale\u00f1\u00e1, dijo: \u00abNo discriminaron a la hora de despedir compa\u00f1eros y compa\u00f1eras discapacitados ni a los 300 docentes de la planta transitoria educativa que denunciamos con el cierre de nuestras escuelas viales\u201d, y agreg\u00f3: \u201cMientras el ingeniero Javier Iguacel se pasea por los canales de televisi\u00f3n anunciando inversi\u00f3n en obras p\u00fablicas, est\u00e1 vaciando el organismo\u201d.<\/p>\n<p>Tambi\u00e9n sucedi\u00f3 el 7 de mayo pasado, a trav\u00e9s de un telegrama de despido, los\u00a040 empleados del peaje \u201cAmeghino\u201d\u00a0ubicado en el kil\u00f3metro 301 de la ruta 188 hab\u00edan sido notificados de la \u201cextinci\u00f3n del contrato de trabajo el pr\u00f3ximo 30 de junio\u201d debido al cierre de la estaci\u00f3n. Los cesanteados, mediante un comunicado en Facebook se quejaron de la falta de acompa\u00f1amiento por parte del intendente local Calixto Tellechea.<\/p>\n<p>Vuelve a pasar y por eso, Ale\u00f1a, consider\u00f3: \u00abParece que al administrador no le alcanza con despedir trabajadores a dedo sino que adem\u00e1s nos amenaza con hacernos sumarios por protestar, violando as\u00ed el derecho constitucional de reclamar que tenemos los trabajadores\u201d.<\/p>\n<p>Por \u00faltimo, sostuvo: \u00abEsto demuestra una vez m\u00e1s que la\u00a0postura oficial es vaciar el organismo\u00a0de sus roles operativos para la eventual tercerizaci\u00f3n y privatizaci\u00f3n de Vialidad Nacional\u00bb.<\/p>\n<h6>Fuente: InfoCielo<\/h6>\n","protected":false},"excerpt":{"rendered":"<p>Ser\u00e1 hasta el pr\u00f3ximo lunes. Los empleados denunciaron que en las \u00faltimas horas recibieron 107 telegramas de despido en distintas seccionales del pa\u00eds. Entre ellos hay discapacitados, echados sin causa y sin previo aviso.<\/p>\n","protected":false},"author":2,"featured_media":77414,"comment_status":"closed","ping_status":"closed","sticky":false,"template":"","format":"standard","meta":{"footnotes":""},"categories":[8],"tags":[21],"class_list":["post-77413","post","type-post","status-publish","format-standard","has-post-thumbnail","hentry","category-informe-nacional","tag-argentina"],"_links":{"self":[{"href":"http:\/\/argentinamunicipal.com.ar\/argentina\/wp-json\/wp\/v2\/posts\/77413","targetHints":{"allow":["GET"]}}],"collection":[{"href":"http:\/\/argentinamunicipal.com.ar\/argentina\/wp-json\/wp\/v2\/posts"}],"about":[{"href":"http:\/\/argentinamunicipal.com.ar\/argentina\/wp-json\/wp\/v2\/types\/post"}],"author":[{"embeddable":true,"href":"http:\/\/argentinamunicipal.com.ar\/argentina\/wp-json\/wp\/v2\/users\/2"}],"replies":[{"embeddable":true,"href":"http:\/\/argentinamunicipal.com.ar\/argentina\/wp-json\/wp\/v2\/comments?post=77413"}],"version-history":[{"count":0,"href":"http:\/\/argentinamunicipal.com.ar\/argentina\/wp-json\/wp\/v2\/posts\/77413\/revisions"}],"wp:featuredmedia":[{"embeddable":true,"href":"http:\/\/argentinamunicipal.com.ar\/argentina\/wp-json\/wp\/v2\/media\/77414"}],"wp:attachment":[{"href":"http:\/\/argentinamunicipal.com.ar\/argentina\/wp-json\/wp\/v2\/media?parent=77413"}],"wp:term":[{"taxonomy":"category","embeddable":true,"href":"http:\/\/argentinamunicipal.com.ar\/argentina\/wp-json\/wp\/v2\/categories?post=77413"},{"taxonomy":"post_tag","embeddable":true,"href":"http:\/\/argentinamunicipal.com.ar\/argentina\/wp-json\/wp\/v2\/tags?post=77413"}],"curies":[{"name":"wp","href":"https:\/\/api.w.org\/{rel}","templated":true}]}}