{"id":78203,"date":"2018-06-20T19:29:21","date_gmt":"2018-06-20T22:29:21","guid":{"rendered":"http:\/\/argentinamunicipal.com.ar\/argentina\/?p=78203"},"modified":"2018-06-20T19:29:21","modified_gmt":"2018-06-20T22:29:21","slug":"78203-2","status":"publish","type":"post","link":"http:\/\/argentinamunicipal.com.ar\/argentina\/78203-2\/","title":{"rendered":"Otra \u201cindustria\u201d en crisis"},"content":{"rendered":"<p>Se sanatea mucho en torno a lo que el neoliberalismo \u2013en todas sus variantes\u2013 denomina la \u201cindustria del juicio\u201d.<\/p>\n<p>Si nos atenemos objetivamente a las estad\u00edsticas ser\u00eda otra industria en crisis. Veamos: seg\u00fan los datos oficiales de la C\u00e1mara Nacional de Apelaciones del Trabajo de la Capital Federal en el a\u00f1o 2017 el total de juicios iniciados fue de 84.070. De enero a mayo fueron 36.738.<\/p>\n<p>En el mismo per\u00edodo de 2018 \u2013enero a mayo\u2013 el total fue de 20.698, es decir que en este \u00faltimo a\u00f1o se inici\u00f3 aproximadamente la mitad de los juicios de 2017. Adem\u00e1s, la mayor\u00eda de los juicios iniciados fueron por despidos.<\/p>\n<p>Estos datos son muy ilustrativos de la penosa realidad social, las consecuencias del ajuste perpetuo, agravado ahora por el sometimiento del gobierno al FMI.<\/p>\n<p>El Presidente Macri me honr\u00f3 cuando, ya hace un a\u00f1o, al hablar de los juicios de trabajo, me tild\u00f3 como jefe de la mafia laboral. Es cierto que a esta altura del partido debo ser uno de los m\u00e1s veteranos abogados defensores de trabajadores, pero debo confesar que si fuera cierta la descalificaci\u00f3n ser\u00eda un fracasado. Pese a la precarizaci\u00f3n, el aumento del trabajo no registrado, la p\u00e9rdida de poder adquisitivo del salario, el aumento de los despidos, cada vez hay menos juicios.<\/p>\n<p>Tambi\u00e9n le quiero decir al Presidente que mi obligaci\u00f3n \u00a0profesional, pol\u00edtica y por convicci\u00f3n propia, cuando un trabajador me consulta y advierto que su empleador viola los derechos, as\u00ed se lo informo. Por supuesto que m\u00e1s all\u00e1 de ello, tambi\u00e9n intercambio con \u00e9l o ella sobre las posibles consecuencias de un eventual reclamo en torno a la situaci\u00f3n de empleo. Resumiendo: si el reclamo puede terminar en despido, que el trabajador\/a, que es la v\u00edctima, sea quien resuelve qu\u00e9 camino emprender.<\/p>\n<p>Esta circunstancia, el temor a perder el empleo, explica tambi\u00e9n la disminuci\u00f3n de juicios.<\/p>\n<p>En realidad, los industriales del juicio \u00a0son los empleadores que violan derechos de sus trabajadores. El miedo explica c\u00f3mo puede ser que habiendo 4.500.000 trabajadores en negro, cuando cada de uno ellos tiene derecho al reclamo, haya tan poca litigiosidad.<\/p>\n<p>En Estados Unidos de Norteam\u00e9rica se conoce una metodolog\u00eda llamada \u201cdefensa canalla\u201d \u2013nada que ver con la hinchada de Rosario Central\u2013 que consiste en descalificar al interlocutor para no discutir el fondo de la cuesti\u00f3n en debate. Esto es muy parecido a lo que Sturzenegger relataba respecto a los consejos de Dur\u00e1n Barba.<\/p>\n<p>Pero en realidad indica que se puede mentir a pocos mucho tiempo y a muchos poco tiempo, lo que no se puede es mentir a todos todo el tiempo. Volviendo a nuestras Pampas, podr\u00edamos parafrasear al gaucho Mart\u00edn Fierro cuando afirma que no hay plazo que no se cumple, deuda que no pague ni tiento que no corte.<\/p>\n<p>Y el fondo de la cuesti\u00f3n es que la descalificaci\u00f3n y la mentira tienen las patas cortas y la respuesta del Pueblo m\u00e1s temprano que tarde cumplir\u00e1 con el principio f\u00edsico que establece que toda acci\u00f3n merece una reacci\u00f3n de igual intensidad, pero de sentido contrario.<\/p>\n<p>Por \u00faltimo frente a la reiterada utilizaci\u00f3n por parte del nieto de Antonio Macri de la calificaci\u00f3n de mafia o mafioso, recuerda el dicho que dice \u201cel ladr\u00f3n cree que todos son de su misma condici\u00f3n\u201d.<\/p>\n<p>H\u00e9ctor Pedro Recalde:\u00a0Abogado laboralista<\/p>\n<h6>Fuente: P\u00e1gina 12<\/h6>\n","protected":false},"excerpt":{"rendered":"<p>Se sanatea mucho en torno a lo que el neoliberalismo \u2013en todas sus variantes\u2013 denomina la \u201cindustria del juicio\u201d.<\/p>\n","protected":false},"author":2,"featured_media":78204,"comment_status":"closed","ping_status":"closed","sticky":false,"template":"","format":"standard","meta":{"footnotes":""},"categories":[6],"tags":[21],"class_list":["post-78203","post","type-post","status-publish","format-standard","has-post-thumbnail","hentry","category-opiniones","tag-argentina"],"_links":{"self":[{"href":"http:\/\/argentinamunicipal.com.ar\/argentina\/wp-json\/wp\/v2\/posts\/78203","targetHints":{"allow":["GET"]}}],"collection":[{"href":"http:\/\/argentinamunicipal.com.ar\/argentina\/wp-json\/wp\/v2\/posts"}],"about":[{"href":"http:\/\/argentinamunicipal.com.ar\/argentina\/wp-json\/wp\/v2\/types\/post"}],"author":[{"embeddable":true,"href":"http:\/\/argentinamunicipal.com.ar\/argentina\/wp-json\/wp\/v2\/users\/2"}],"replies":[{"embeddable":true,"href":"http:\/\/argentinamunicipal.com.ar\/argentina\/wp-json\/wp\/v2\/comments?post=78203"}],"version-history":[{"count":0,"href":"http:\/\/argentinamunicipal.com.ar\/argentina\/wp-json\/wp\/v2\/posts\/78203\/revisions"}],"wp:featuredmedia":[{"embeddable":true,"href":"http:\/\/argentinamunicipal.com.ar\/argentina\/wp-json\/wp\/v2\/media\/78204"}],"wp:attachment":[{"href":"http:\/\/argentinamunicipal.com.ar\/argentina\/wp-json\/wp\/v2\/media?parent=78203"}],"wp:term":[{"taxonomy":"category","embeddable":true,"href":"http:\/\/argentinamunicipal.com.ar\/argentina\/wp-json\/wp\/v2\/categories?post=78203"},{"taxonomy":"post_tag","embeddable":true,"href":"http:\/\/argentinamunicipal.com.ar\/argentina\/wp-json\/wp\/v2\/tags?post=78203"}],"curies":[{"name":"wp","href":"https:\/\/api.w.org\/{rel}","templated":true}]}}