{"id":78299,"date":"2018-06-22T06:55:50","date_gmt":"2018-06-22T09:55:50","guid":{"rendered":"http:\/\/argentinamunicipal.com.ar\/argentina\/?p=78299"},"modified":"2018-06-22T06:55:50","modified_gmt":"2018-06-22T09:55:50","slug":"una-jugada-para-ponerle-freno-a-la-ola-verde","status":"publish","type":"post","link":"http:\/\/argentinamunicipal.com.ar\/argentina\/una-jugada-para-ponerle-freno-a-la-ola-verde\/","title":{"rendered":"Una jugada para ponerle freno a la ola verde"},"content":{"rendered":"<p>Adem\u00e1s de Salud y Justicia, la vicepresidenta sum\u00f3 Presupuesto y Hacienda y Asuntos Constitucionales, presididas por Esteban Bullrich y Dalmacio Mera, dos senadores opositores a la iniciativa. Pichetto y el kirchnerismo impugnaron la decisi\u00f3n.<\/p>\n<p>Los opositores a la legalizaci\u00f3n de la interrupci\u00f3n voluntaria del embarazo (LIVE) pusieron en marcha su estrategia para intentar frenar la marea verde. La vicepresidenta, Gabriela Michetti, resolvi\u00f3 ayer, a pocos minutos de terminado el partido de la selecci\u00f3n argentina, darle giro al proyecto a cuatro comisiones. La decisi\u00f3n no es menor ni inocente: a las comisiones de Salud y de Justicia, cuya intervenci\u00f3n se descontaba, les sum\u00f3 la de Presupuesto y Hacienda, a cargo de Esteban Bullrich, y la de Asuntos Constitucionales, a cargo del catamarque\u00f1o Dalmacio Mera, ambos confesos opositores a la iniciativa aprobada la semana pasada por Diputados. La reacci\u00f3n de referentes del colectivo de mujeres, as\u00ed como de varios senadores, fue de rechazo inmediato. El jefe del interbloque Argentina Federal, Miguel Pichetto, calific\u00f3 la medida como \u201cinnecesaria\u201d y \u201ctotalmente excesiva\u201d, afirm\u00f3 que se trata de una \u201cactitud dilatoria\u201d y no descart\u00f3 que la cuesti\u00f3n de los giros se resuelva mediante una votaci\u00f3n en el pleno de la C\u00e1mara en la sesi\u00f3n del pr\u00f3ximo mi\u00e9rcoles. Desde el Frente para la Victoria-PJ tambi\u00e9n impugnaron la decisi\u00f3n de Michetti, que tambi\u00e9n ser\u00e1 motivo de debate el pr\u00f3ximo martes cuando los jefes de bloque se re\u00fanan para ultimar los detalles de la sesi\u00f3n del d\u00eda siguiente.<\/p>\n<p>El proyecto aprobado en Diputados por 129 votos a favor y 125 en contra, en medio de una multitudinaria movilizaci\u00f3n y tras meses de exposiciones, ya es motivo de una intensa disputa en la C\u00e1mara Alta. Y esto sin que se comience todav\u00eda a debatirse el texto de la iniciativa. Mientras que los jefes de los bloques m\u00e1s grandes \u2013Luis Naidenoff de Cambiemos, Miguel Pichetto de Argentina Federal y Marcelo Fuentes, del FpV-PJ\u2013 se pronunciaron a favor de realizar un tratamiento m\u00e1s corto que en Diputados, la vicepresidenta resolvi\u00f3 darle intervenci\u00f3n a las comisiones presididas por dos senadores que coinciden con su postura. Esta estrategia hab\u00eda sido conversada en un c\u00f3nclave que Michetti mantuvo el martes con Bullirch, el presidente provisional del Senado, Federico Pinedo y la radical Silvia El\u00edas de P\u00e9rez. Conscientes de las dificultades para impedir el avance del proyecto, el segundo paso de su estrategia consiste en introducir modificaciones en vez de firmar un dictamen de rechazo total. As\u00ed buscan sumar el apoyo de algunos senadores indecisos, que podr\u00edan acompa\u00f1ar la idea de una despenalizaci\u00f3n en vez de la legalizaci\u00f3n que sancion\u00f3 Diputados.<\/p>\n<p>\u201cEste giro \u2013se\u00f1al\u00f3 Pichetto\u2013 obedece a una posici\u00f3n personal de la Vicepresidenta, con la finalidad de prolongar el debate indefinidamente\u201d. El senador por R\u00edo Negro agreg\u00f3 en este sentido que \u201cconfigura una actitud dilatoria tendiente a obstaculizar el dictamen y la llegada al recinto de la media sanci\u00f3n\u201d. Pichetto advirti\u00f3 que la decisi\u00f3n fue inconsulta y que si bien determinar los giros es una atribuci\u00f3n de la Presidencia de la C\u00e1mara \u201csiempre es producto del di\u00e1logo y el consenso con los otros bloques, cosa que en este caso no ha ocurrido\u201d. Adem\u00e1s, record\u00f3 que \u201cen la C\u00e1mara de Diputados no fue girada ni a la comisi\u00f3n de Asuntos Constitucionales ni a la de Presupuesto y Hacienda\u201d y que las competencias naturales del proyecto son de las comisiones de Salud y Justicia y Asuntos Penales. Finalmente, Pichetto no descart\u00f3 discutir la pr\u00f3xima semana en el recinto los giros y someterlos a una votaci\u00f3n.<\/p>\n<p>Tanto el interbloque Argentina Federal as\u00ed como el FpV-PJ elevaron esta semana sendas notas a la presidencia de la C\u00e1mara pedirle que respete esos giros y que el tratamiento se realice \u201cen plenario\u201d, es decir que no sea abordado en cada comisi\u00f3n por separado.<\/p>\n<p>La defensa de Michetti vino por parte de El\u00edas de P\u00e9rez. \u201cLa presidenta del Senado ha tomado una decisi\u00f3n razonable ante un tema de tama\u00f1a envergadura. No es posible pretender tratar la legalizaci\u00f3n del aborto de manera expr\u00e9s como pretende un sector\u201d, dijo la senadora por Tucum\u00e1n mediante un comunicado. La radical se anticip\u00f3 tambi\u00e9n al debate que se dar\u00e1 en la pr\u00f3xima reuni\u00f3n de Labor Parlamentaria el pr\u00f3ximo martes. Afirm\u00f3 que \u201clos bloques como est\u00e1n constituidos no representan las posiciones a favor y en contra\u201d y que por ese motivo \u201clas decisiones que se tengan que tomar en torno a los tiempos de tratamiento tiene que ser acordado entre los senadores que representan ambas posiciones, los que est\u00e1n a favor de la legalizaci\u00f3n del aborto y los que nos oponemos\u201d.<\/p>\n<p>Seg\u00fan El\u00edas de P\u00e9rez y Pinedo, el hecho de que las cuatro comisiones funcionen \u201cen plenario\u201d no implicar\u00e1 una demora. \u201c\u00bfCu\u00e1l es el apuro? Mientras m\u00e1s discusi\u00f3n y debate mejor para los argentinos\u201d, se\u00f1al\u00f3 la legisladora radical, quien coron\u00f3 sus declaraciones con un dardo para Pichetto: \u201cDebe entender que no es el due\u00f1o del Senado\u201d.<\/p>\n<p>Lo cierto es que si bien el trabajo de las cuatro comisiones de manera conjunta no implicar\u00eda m\u00e1s reuniones, s\u00ed se aumenta el n\u00famero de senadores necesario para conseguir qu\u00f3rum y tambi\u00e9n para lograr el dictamen de mayor\u00eda.<\/p>\n<p>Desde la Campa\u00f1a Nacional por el Derecho al Aborto Legal, Seguro y Gratuito \u2013que ayer tuvo su primera reuni\u00f3n tras la media sanci\u00f3n y que convoc\u00f3 a un pa\u00f1uelazo para el pr\u00f3ximo martes\u2013 tambi\u00e9n se manifestaron en contra de la decisi\u00f3n de Michetti. \u201cNo queremos m\u00e1s dilaciones. Lo exigimos tras 13 a\u00f1os de lucha en la que logramos la despenalizaci\u00f3n social y el acompa\u00f1amiento de la sociedad que se expres\u00f3 con un mill\u00f3n de personas en las calles los pasados 13 y 14 de junio. Por eso consideramos esta maniobra como antidemocr\u00e1tica. Cada d\u00eda que pasa el Estado argentino sigue condenando a las mujeres a ser penalizadas y a llegar a la pr\u00e1ctica del aborto de manera clandestina poniendo en riesgo su vida y su salud\u201d, afirmaron.<\/p>\n<p>Esta primera disputa todav\u00eda no est\u00e1 saldada y tendr\u00e1 un nuevo round el martes pr\u00f3ximo en Labor Parlamentaria. Mauricio Macri, que se declar\u00f3 prescindente, hab\u00eda afirmado que el debate en Diputados fue \u201cejemplar\u201d. Pareciera que la vicepresidenta no est\u00e1 del todo de acuerdo.<\/p>\n<h6>Fuente: P\u00e1gina 12<\/h6>\n","protected":false},"excerpt":{"rendered":"<p>Adem\u00e1s de Salud y Justicia, la vicepresidenta sum\u00f3 Presupuesto y Hacienda y Asuntos Constitucionales, presididas por Esteban Bullrich y Dalmacio Mera, dos senadores opositores a la iniciativa. Pichetto y el kirchnerismo impugnaron la decisi\u00f3n<\/p>\n","protected":false},"author":2,"featured_media":78300,"comment_status":"closed","ping_status":"closed","sticky":false,"template":"","format":"standard","meta":{"footnotes":""},"categories":[8],"tags":[21],"class_list":["post-78299","post","type-post","status-publish","format-standard","has-post-thumbnail","hentry","category-informe-nacional","tag-argentina"],"_links":{"self":[{"href":"http:\/\/argentinamunicipal.com.ar\/argentina\/wp-json\/wp\/v2\/posts\/78299","targetHints":{"allow":["GET"]}}],"collection":[{"href":"http:\/\/argentinamunicipal.com.ar\/argentina\/wp-json\/wp\/v2\/posts"}],"about":[{"href":"http:\/\/argentinamunicipal.com.ar\/argentina\/wp-json\/wp\/v2\/types\/post"}],"author":[{"embeddable":true,"href":"http:\/\/argentinamunicipal.com.ar\/argentina\/wp-json\/wp\/v2\/users\/2"}],"replies":[{"embeddable":true,"href":"http:\/\/argentinamunicipal.com.ar\/argentina\/wp-json\/wp\/v2\/comments?post=78299"}],"version-history":[{"count":0,"href":"http:\/\/argentinamunicipal.com.ar\/argentina\/wp-json\/wp\/v2\/posts\/78299\/revisions"}],"wp:featuredmedia":[{"embeddable":true,"href":"http:\/\/argentinamunicipal.com.ar\/argentina\/wp-json\/wp\/v2\/media\/78300"}],"wp:attachment":[{"href":"http:\/\/argentinamunicipal.com.ar\/argentina\/wp-json\/wp\/v2\/media?parent=78299"}],"wp:term":[{"taxonomy":"category","embeddable":true,"href":"http:\/\/argentinamunicipal.com.ar\/argentina\/wp-json\/wp\/v2\/categories?post=78299"},{"taxonomy":"post_tag","embeddable":true,"href":"http:\/\/argentinamunicipal.com.ar\/argentina\/wp-json\/wp\/v2\/tags?post=78299"}],"curies":[{"name":"wp","href":"https:\/\/api.w.org\/{rel}","templated":true}]}}