{"id":78321,"date":"2018-06-22T07:35:15","date_gmt":"2018-06-22T10:35:15","guid":{"rendered":"http:\/\/argentinamunicipal.com.ar\/argentina\/?p=78321"},"modified":"2018-06-22T07:35:15","modified_gmt":"2018-06-22T10:35:15","slug":"78321-2","status":"publish","type":"post","link":"http:\/\/argentinamunicipal.com.ar\/argentina\/78321-2\/","title":{"rendered":"El desempleo super\u00f3 el 9 por ciento: en tres meses se perdieron 400 mil puestos de trabajo en todo el pa\u00eds"},"content":{"rendered":"<p>El INDEC difundi\u00f3 esta tarde los indicadores de empleo correspondientes al primer trimestre. La desocupaci\u00f3n se dispar\u00f3 dos puntos y son m\u00e1s de 1.8 millones los argentinos sin trabajo. El desglose bonaerense.<\/p>\n<p>El Instituto Nacional de Estad\u00edsticas y Censos difundi\u00f3 esta tarde los datos del mercado laboral correspondientes al primer trimestre de 2018, que revelaron\u00a0una tendencia en alza del desempleo, que pas\u00f3 de 7.2 por ciento a 9.1 por ciento y que, en la comparaci\u00f3n interanual, revela una situaci\u00f3n de estancamiento.<\/p>\n<p>Son en total unos\u00a0400 mil puestos de trabajo perdidos en lo que va de 2018 y 1.8 millones las personas desempleadas en todo el pa\u00eds. La subocupaci\u00f3n pas\u00f3 de 10.2 a 9.8 por ciento: casi no se movi\u00f3.<\/p>\n<p>En el Gran Buenos Aires, el porcentaje de desocupados es de 11.3 por ciento; en Bah\u00eda Blanca, 9.8 por ciento; en el Gran La Plata, 7.8 por ciento; en Mar del Plata, 8.5 por ciento.<\/p>\n<p>Otro dato relevante es la diferencia de g\u00e9nero: en todo el pa\u00eds, el 10.2 por ciento de las mujeres no tiene trabajo, en tanto que el 8 por ciento de los hombres est\u00e1 en esa misma situaci\u00f3n.\u00a0En el GBA, 13 de cada diez mujeres no tiene empleo y 9.6 de cada 100 hombres tampoco consiguen.<\/p>\n<p>Las cifras difundidas por el INDEC contrastan con las definiciones de los ministros de Trabajo de Naci\u00f3n y de Provincia, que aseguraron en las \u00faltimas semanas que no se registran situaciones de \u00abdespidos masivos\u00bb.<\/p>\n<p>Y ponen en relieve el impacto que empieza a generar en la sociedad el cierre de empresas y f\u00e1bricas, que, como viene relevando este portal, se provocan a lo largo y a lo ancho de todo el territorio provincial. S\u00f3lo en una ciudad como Chascom\u00fas, de unos 35 mil habitantes, se perdieron 400 puestos de trabajo.<\/p>\n<h6>Fuente: InfoCielo<\/h6>\n","protected":false},"excerpt":{"rendered":"<p>El INDEC difundi\u00f3 esta tarde los indicadores de empleo correspondientes al primer trimestre. La desocupaci\u00f3n se dispar\u00f3 dos puntos y son m\u00e1s de 1.8 millones los argentinos sin trabajo. El desglose bonaerense.<\/p>\n","protected":false},"author":2,"featured_media":78322,"comment_status":"closed","ping_status":"closed","sticky":false,"template":"","format":"standard","meta":{"footnotes":""},"categories":[8],"tags":[21],"class_list":["post-78321","post","type-post","status-publish","format-standard","has-post-thumbnail","hentry","category-informe-nacional","tag-argentina"],"_links":{"self":[{"href":"http:\/\/argentinamunicipal.com.ar\/argentina\/wp-json\/wp\/v2\/posts\/78321","targetHints":{"allow":["GET"]}}],"collection":[{"href":"http:\/\/argentinamunicipal.com.ar\/argentina\/wp-json\/wp\/v2\/posts"}],"about":[{"href":"http:\/\/argentinamunicipal.com.ar\/argentina\/wp-json\/wp\/v2\/types\/post"}],"author":[{"embeddable":true,"href":"http:\/\/argentinamunicipal.com.ar\/argentina\/wp-json\/wp\/v2\/users\/2"}],"replies":[{"embeddable":true,"href":"http:\/\/argentinamunicipal.com.ar\/argentina\/wp-json\/wp\/v2\/comments?post=78321"}],"version-history":[{"count":0,"href":"http:\/\/argentinamunicipal.com.ar\/argentina\/wp-json\/wp\/v2\/posts\/78321\/revisions"}],"wp:featuredmedia":[{"embeddable":true,"href":"http:\/\/argentinamunicipal.com.ar\/argentina\/wp-json\/wp\/v2\/media\/78322"}],"wp:attachment":[{"href":"http:\/\/argentinamunicipal.com.ar\/argentina\/wp-json\/wp\/v2\/media?parent=78321"}],"wp:term":[{"taxonomy":"category","embeddable":true,"href":"http:\/\/argentinamunicipal.com.ar\/argentina\/wp-json\/wp\/v2\/categories?post=78321"},{"taxonomy":"post_tag","embeddable":true,"href":"http:\/\/argentinamunicipal.com.ar\/argentina\/wp-json\/wp\/v2\/tags?post=78321"}],"curies":[{"name":"wp","href":"https:\/\/api.w.org\/{rel}","templated":true}]}}