{"id":78350,"date":"2018-06-22T08:23:16","date_gmt":"2018-06-22T11:23:16","guid":{"rendered":"http:\/\/argentinamunicipal.com.ar\/argentina\/?p=78350"},"modified":"2018-06-22T08:23:16","modified_gmt":"2018-06-22T11:23:16","slug":"lo-mejor-que-hice-en-mi-vida","status":"publish","type":"post","link":"http:\/\/argentinamunicipal.com.ar\/argentina\/lo-mejor-que-hice-en-mi-vida\/","title":{"rendered":"\u201cLo mejor que hice en mi vida\u201d"},"content":{"rendered":"<p>Dante Caputo fue casi seis a\u00f1os canciller de la Argentina. Pero cuando repasaba su trabajo no eleg\u00eda como el episodio m\u00e1s importante de su vida un logro diplom\u00e1tico. No citaba, por ejemplo, la paz con Chile. O la integraci\u00f3n con Brasil para construir confianza, evitar la carrera por la bomba at\u00f3mica, ganar escala econ\u00f3mica y comercial y lidiar con la pesada herencia, esa s\u00ed, de la deuda externa. Tampoco se jactaba de los conflictos permanentes con el presidente Ronald Reagan por la crisis en Am\u00e9rica Central. Para Caputo, lo m\u00e1s trascendente hab\u00eda sido el proceso pol\u00edtico que comenz\u00f3 con la anulaci\u00f3n de la autoamnist\u00eda militar y el inicio de los hechos que rematar\u00edan en el Juicio a las Juntas de 1985. No es una impresi\u00f3n personal: lo cuento porque Caputo me lo dijo de un modo dif\u00edcil de olvidar.<\/p>\n<p>En marzo de este a\u00f1o me contact\u00f3 un equipo de cineastas que estaban (est\u00e1n, supongo) rodando una pel\u00edcula con base en el Juicio a las Juntas. Hicieron muchas preguntas que contest\u00e9. Y me hicieron una que me dej\u00f3 pasmado. El 7 de marzo, entonces, le ped\u00ed ayuda a Caputo. \u201cHola Dante, hay varias pel\u00edculas en rodaje sobre el Juicio. Como yo lo cubr\u00ed para La Raz\u00f3n de Timerman, me consultan. Esta semana me preguntaron algo que \u00a0\u2013me di cuenta\u2013 \u00a0nunca supe: qu\u00e9 opinaban sobre el Juicio los diplom\u00e1ticos y los militares de los Estados Unidos. \u00bfRecord\u00e1s haber hablado algo con Frank Ortiz o con el Departamento de Estado? Gracias y un abrazo.\u201d<\/p>\n<p>Ortiz era el embajador norteamericano en tiempos de la transici\u00f3n democr\u00e1tica.<\/p>\n<p>Respuesta de Caputo: \u201cNo recuerdo ning\u00fan comentario. Si hubiera habido ser\u00eda dif\u00edcil no recordarlo\u201d.<\/p>\n<p>No le contest\u00e9 pero al d\u00eda siguiente, 8 de marzo, me encontr\u00e9 con otro mail m\u00e1s. Agregaba Dante: \u201cY no es que los de afuera fueran de palo. Felipe, Craxi, Sanguinetti, opinaban en contra\u201d.<\/p>\n<p>Felipe es el socialista Felipe Gonz\u00e1lez, entonces presidente del gobierno espa\u00f1ol. El socialista Bettino Craxi fue ministro de varias carteras y primer ministro de Italia entre 1983 y 1987. Como Felipe, ten\u00eda relaci\u00f3n fluida con el gobierno de Alfons\u00edn. Julio Mar\u00eda Sanguinetti era presidente del Uruguay.<\/p>\n<p>Comentario m\u00edo al toque, dirigido a Caputo: \u201cHicieron\/hicimos algo fabuloso en este pa\u00eds\u201d.<\/p>\n<p>Mail de Caputo el 9 de marzo: \u201cMart\u00edn: Yo me agarr\u00e9 a pi\u00f1as con Ra\u00fal Borr\u00e1s, quien dec\u00eda que era un suicidio. Eso sucedi\u00f3 en la oficina que ten\u00edamos con RA. Gan\u00e9. Quince minutos despu\u00e9s sali\u00f3 el comunicado de Ra\u00fal declarando la nulidad de la ley de autoamnist\u00eda. Es lo mejor que hice en mi vida, Mart\u00edn\u201d.<\/p>\n<p>RA, como Rep\u00fablica Argentina, fue la sigla utilizada por Ra\u00fal Alfons\u00edn durante la campa\u00f1a electoral de 1983. Borr\u00e1s fue el primer ministro de Defensa de Alfons\u00edn. En el mail, Caputo mencionaba tambi\u00e9n a otra persona que los sobrevivi\u00f3 a \u00e9l y a Borr\u00e1s. Un radical que hab\u00eda estado vinculado a funcionarios de la dictadura. Omito su nombre por ahora.<\/p>\n<p>En el relato de Caputo, tambi\u00e9n esa persona estaba a favor de mantener la \u00a0autoamnist\u00eda decretada por el \u00faltimo dictador Reynaldo Benito Antonio Bignone por la llamada ley 22.924. Fue promulgada el 22 de septiembre de 1983 por la dictadura.<\/p>\n<p>La derogaci\u00f3n de la autoamnist\u00eda, tras un proyecto enviado por Alfons\u00edn, fue la primera ley aprobada por el Congreso tras la vuelta de la democracia el 10 de diciembre de 1983.<\/p>\n<p>\u201cDecl\u00e1ranse extinguidas las acciones penales emergentes de los delitos cometidos con motivaci\u00f3n o finalidad terroristas o subversiva desde el 25 de mayo de 1973 hasta el 17 de junio de 1982\u201d, dec\u00eda el texto. \u201cLos beneficios otorgados por esta ley se extienden, asimismo, a todos los hechos de naturaleza penal realizados en ocasi\u00f3n o con motivo del desarrollo de acciones dirigidas a prevenir, conjurar o poner fin a las referidas actividades terroristas o subversivas, cualquiera hubiere sido su naturaleza o el bien jur\u00eddico lesionado.\u201d<\/p>\n<p>En la campa\u00f1a electoral Alfons\u00edn hab\u00eda prometido derogar la autoamnist\u00eda. El candidato justicialista, Italo L\u00fader, no.<\/p>\n<p>Lamentablemente nunca habl\u00e9 del episodio con Borr\u00e1s mientras \u00e9l viv\u00eda. Se muri\u00f3 siendo ministrode Alfons\u00edn, el 25 de mayo de 1985. A esa altura la autoamnist\u00eda estaba derogada, hab\u00eda fracasado el intento de que los militares se juzgaran a s\u00ed mismos por los cr\u00edmenes de lesa humanidad e incluso hab\u00eda comenzado, el 22 de abril, el Juicio a las Juntas en la C\u00e1mara Federal porte\u00f1a. Era la instancia civil que rematar\u00eda el 9 de diciembre con la condena a perpetua de Jorge Rafael Videla y Emilio Eduardo Massera.<\/p>\n<p>No fui amigo de Dante Caputo pero lo trat\u00e9 mucho cuando \u00e9l era canciller y yo escrib\u00eda notas sobre pol\u00edtica exterior en La Raz\u00f3n y en P\u00e1ginaI12. En los \u00faltimos a\u00f1os intercambi\u00e1bamos mails. A veces me escrib\u00eda para comentar alguna nota o para criticar alguna pol\u00edtica del kirchnerismo con la que yo estaba de acuerdo. Discut\u00edamos con mucho respeto. Siempre valor\u00e9 sus opiniones. Ven\u00edan de un tipo inteligente que tuvo un m\u00e9rito hist\u00f3rico: construy\u00f3 la base internacional de la democracia y ensanch\u00f3 el escaso margen de maniobra interno y externo del gobierno de Alfons\u00edn. No hubiera habido Juicio a las Juntas sin liquidar la autoamnist\u00eda, naturalmente, pero tampoco sin fulminar las \u00faltimas r\u00e9moras del conflicto con Chile por el canal de Beagle, cosa que ocurri\u00f3 en 1984 despu\u00e9s de una consulta popular que, como acaba de suceder con la movilizaci\u00f3n por el aborto libre, hizo m\u00e1s costoso el voto negativo de muchos legisladores. Con la diferencia obvia de que Alfons\u00edn llam\u00f3 a la consulta popular y Mauricio Macri no convoc\u00f3 a la movilizaci\u00f3n de los pa\u00f1uelos verdes.<\/p>\n<p>Ignoro cu\u00e1l fue la opini\u00f3n posterior de Borr\u00e1s despu\u00e9s de la discusi\u00f3n con Dante y la decisi\u00f3n de Alfons\u00edn. Cuando supe que Dante se hab\u00eda muerto y me puse a escribir, dud\u00e9 sobre si transcribir o no el mail. Decid\u00ed hacerlo porque entend\u00ed que el centro de su correo no estaba puesto en la pelea con Borr\u00e1s sino en el orgullo de haber sostenido una posici\u00f3n fuera de la Argentina y dentro del equipo de Alfons\u00edn. En tantos a\u00f1os solo le hab\u00eda notado un orgullo parecido, aunque cara a cara, cuando una tarde de 1984, en el Palacio San Mart\u00edn, me adelant\u00f3 cu\u00e1les eran los detalles del acuerdo con Chile. No era una primicia. Yo deb\u00eda embargar la informaci\u00f3n pero ya habr\u00eda trabajado sobre los fundamentos cuando la noticia fuese publicable. Recuerdo bien una frase suya. No era diplom\u00e1tica sino pol\u00edtica: \u201cMart\u00edn, hay que sacarles todas las excusas a los que quieren conservar su poder como si la democracia no hubiera llegado\u201d.<\/p>\n<p>Poca gente puede decir que los mejores recuerdos de su vida coinciden con algunos de los momentos luminosos de este pa\u00eds.<\/p>\n<h6>Por\u00a0Mart\u00edn Granovsky<\/h6>\n<h6>Fuente: Pagina 12<\/h6>\n","protected":false},"excerpt":{"rendered":"<p>Dante Caputo fue casi seis a\u00f1os canciller de la Argentina. Pero cuando repasaba su trabajo no eleg\u00eda como el episodio m\u00e1s importante de su vida un logro diplom\u00e1tico. No citaba, por ejemplo, la paz con Chile. <\/p>\n","protected":false},"author":2,"featured_media":78351,"comment_status":"closed","ping_status":"closed","sticky":false,"template":"","format":"standard","meta":{"footnotes":""},"categories":[6],"tags":[21],"class_list":["post-78350","post","type-post","status-publish","format-standard","has-post-thumbnail","hentry","category-opiniones","tag-argentina"],"_links":{"self":[{"href":"http:\/\/argentinamunicipal.com.ar\/argentina\/wp-json\/wp\/v2\/posts\/78350","targetHints":{"allow":["GET"]}}],"collection":[{"href":"http:\/\/argentinamunicipal.com.ar\/argentina\/wp-json\/wp\/v2\/posts"}],"about":[{"href":"http:\/\/argentinamunicipal.com.ar\/argentina\/wp-json\/wp\/v2\/types\/post"}],"author":[{"embeddable":true,"href":"http:\/\/argentinamunicipal.com.ar\/argentina\/wp-json\/wp\/v2\/users\/2"}],"replies":[{"embeddable":true,"href":"http:\/\/argentinamunicipal.com.ar\/argentina\/wp-json\/wp\/v2\/comments?post=78350"}],"version-history":[{"count":0,"href":"http:\/\/argentinamunicipal.com.ar\/argentina\/wp-json\/wp\/v2\/posts\/78350\/revisions"}],"wp:featuredmedia":[{"embeddable":true,"href":"http:\/\/argentinamunicipal.com.ar\/argentina\/wp-json\/wp\/v2\/media\/78351"}],"wp:attachment":[{"href":"http:\/\/argentinamunicipal.com.ar\/argentina\/wp-json\/wp\/v2\/media?parent=78350"}],"wp:term":[{"taxonomy":"category","embeddable":true,"href":"http:\/\/argentinamunicipal.com.ar\/argentina\/wp-json\/wp\/v2\/categories?post=78350"},{"taxonomy":"post_tag","embeddable":true,"href":"http:\/\/argentinamunicipal.com.ar\/argentina\/wp-json\/wp\/v2\/tags?post=78350"}],"curies":[{"name":"wp","href":"https:\/\/api.w.org\/{rel}","templated":true}]}}